{"id":1112,"date":"2023-08-08T15:41:04","date_gmt":"2023-08-08T15:41:04","guid":{"rendered":"https:\/\/calmanelet.es\/?p=1112"},"modified":"2024-05-13T10:08:49","modified_gmt":"2024-05-13T10:08:49","slug":"origen-dels-calcots","status":"publish","type":"post","link":"https:\/\/calmanelet.es\/es\/origen-dels-calcots\/","title":{"rendered":"Origen dels cal\u00e7ots"},"content":{"rendered":"<p>[et_pb_section fb_built=&#8221;1&#8243; admin_label=&#8221;section&#8221; _builder_version=&#8221;4.17.4&#8243; custom_padding=&#8221;0px||||false|false&#8221; global_colors_info=&#8221;{}&#8221;][et_pb_row admin_label=&#8221;row&#8221; _builder_version=&#8221;4.16&#8243; background_size=&#8221;initial&#8221; background_position=&#8221;top_left&#8221; background_repeat=&#8221;repeat&#8221; global_colors_info=&#8221;{}&#8221;][et_pb_column type=&#8221;4_4&#8243; _builder_version=&#8221;4.16&#8243; custom_padding=&#8221;|||&#8221; global_colors_info=&#8221;{}&#8221; custom_padding__hover=&#8221;|||&#8221;][et_pb_text _builder_version=&#8221;4.17.4&#8243; _module_preset=&#8221;default&#8221; text_font=&#8221;Open Sans||||||||&#8221; text_font_size=&#8221;16px&#8221; custom_padding=&#8221;||0px|||&#8221; locked=&#8221;off&#8221; global_colors_info=&#8221;{}&#8221;]<\/p>\n<h4>l&#8217;origen dels cal\u00e7ots, aquesta deliciosa i peculiar varietat d&#8217;enceba, han transcendit les fronteres culin\u00e0ries per convertir-se en una icona de la gastronomia catalana i una experi\u00e8ncia social que uneix les persones al voltant d&#8217;una taula. Aquest menjar s&#8217;ha guanyat el seu lloc a la tradici\u00f3 i la cultura, per\u00f2 quin \u00e8s l&#8217;origen dels cal\u00e7ots i com han esdevingut tan estimats a Catalunya?<\/h4>\n<h4>\u00a0<\/h4>\n<h4><strong>Els inicis dels cal\u00e7ots: Origen i evoluci\u00f3<\/strong><\/h4>\n<h4>La hist\u00f2ria dels cal\u00e7ots \u00e9s remuntada a la comarca de Tarragona, a Catalunya, a finals del segle XIX. Es diu que el pag\u00e8s Xat de Benaiges, a Valls, va ser qui accidentalment va descobrir aquest m\u00e8tode de cultiu \u00fanic. El proc\u00e9s de cultiu dels cal\u00e7ots implica la plantaci\u00f3 de cebes en l\u00ednies i, quan els cebes creixen i es desenvolupin, es cobreixen amb terra per protegir-los i fomentar-ne el creixement vertical. Aix\u00f2 d\u00f3na com a resultat cebes alargades i tendres, conegudes com a cal\u00e7ots.<\/h4>\n<h4>\u00a0<\/h4>\n<h4><strong>La festa dels cal\u00e7ots: Un esdeveniment social i culminant<\/strong><\/h4>\n<h4>La festa dels cal\u00e7ots, coneguda com a cal\u00e7otada, \u00e9s un esdeveniment culinari i social que reuneix fam\u00edlies, amics i comunitats al voltant d&#8217;una graella o barbacoa per celebrar la temporada de cal\u00e7ots, que generalment va des de novembre fins a abril. Els cal\u00e7ots es rosteixen a la graella fins que estan tendres i se serveixen amb una deliciosa salsa romesco, que aporta un sabor picant i complementa perfectament la dol\u00e7or dels cal\u00e7ots.<\/h4>\n<h4>\u00a0<\/h4>\n<h4><strong>Un s\u00edmbol cultural i gastron\u00f2mic<\/strong><\/h4>\n<h4>Els cal\u00e7ots han evolucionat m\u00e9s enll\u00e0 del seu estatut de simple aliment. Representen l&#8217;ess\u00e8ncia de l&#8217;hospitalitat i la companyonia catalanes. Les cal\u00e7otades s\u00f3n ocasions socials que reuneixen persones de totes les edats per gaudir de bon menjar, converses animades i rialles compartides. A m\u00e9s, els cal\u00e7ots han transcendit les fronteres regionals i han esdevingut un emblema de Catalunya, fins i tot sent part de festivals i esdeveniments tur\u00edstics.<\/h4>\n<h4>\u00a0<\/h4>\n<h4><strong>El llegat durador dels cal\u00e7ots<\/strong><\/h4>\n<h4>Els cal\u00e7ots han perdurat en el temps, resistint els embats del canvi cultural i gastron\u00f2mic. El seu encant rau en la connexi\u00f3 que estableix entre les persones i la tradici\u00f3, aix\u00ed com en el sabor inconfusible. Els cal\u00e7ots s\u00f3n una celebraci\u00f3 de la terra, la comunitat i l&#8217;autenticitat culin\u00e0ria, recordant-nos que en un m\u00f3n d&#8217;innovaci\u00f3 constant hi ha bellesa a preservar les arrels i assaborir all\u00f2 aut\u00e8ntic.<\/h4>\n<p>[\/et_pb_text][et_pb_image src=&#8221;https:\/\/calmanelet.es\/wp-content\/uploads\/2023\/02\/manats-temporada.jpg&#8221; alt=&#8221;Com es cultiven els cal\u00e7ots?&#8221; title_text=&#8221;Com es cultiven els cal\u00e7ots?&#8221; align=&#8221;center&#8221; _builder_version=&#8221;4.17.4&#8243; _module_preset=&#8221;default&#8221; global_colors_info=&#8221;{}&#8221;][\/et_pb_image][et_pb_cta title=&#8221;Si voleu gaudir d&#8217;una bona cal\u00e7otada no ho dubteu i poseu-vos en contacte&#8221; button_url=&#8221;https:\/\/calmanelet.es\/contacte\/&#8221; button_text=&#8221;Contacta!&#8221; admin_label=&#8221;Call To Action&#8221; _builder_version=&#8221;4.17.4&#8243; _module_preset=&#8221;default&#8221; background_color=&#8221;#000000&#8243; locked=&#8221;off&#8221; global_colors_info=&#8221;{}&#8221;][\/et_pb_cta][\/et_pb_column][\/et_pb_row][\/et_pb_section]<\/p>","protected":false},"excerpt":{"rendered":"<p>l&#8217;origen dels cal\u00e7ots, aquesta deliciosa i peculiar varietat d&#8217;enceba, han transcendit les fronteres culin\u00e0ries per convertir-se en una icona de la gastronomia catalana i una experi\u00e8ncia social que uneix les persones al voltant d&#8217;una taula. Aquest menjar s&#8217;ha guanyat el seu lloc a la tradici\u00f3 i la cultura, per\u00f2 quin \u00e8s l&#8217;origen dels cal\u00e7ots i [&hellip;]<\/p>","protected":false},"author":1,"featured_media":1022,"comment_status":"open","ping_status":"open","sticky":false,"template":"","format":"standard","meta":{"_et_pb_use_builder":"on","_et_pb_old_content":"","_et_gb_content_width":"","footnotes":""},"categories":[1],"tags":[],"class_list":["post-1112","post","type-post","status-publish","format-standard","has-post-thumbnail","hentry","category-sin-categoria"],"yoast_head":"<!-- This site is optimized with the Yoast SEO plugin v27.0 - https:\/\/yoast.com\/product\/yoast-seo-wordpress\/ -->\n<title>Origen dels Cal\u00e7ots<\/title>\n<meta name=\"description\" content=\"En aquest article del Restaurant Cal Manelet verurem l&#039;origen dels cal\u00e7ots. Vine a provar les nostres cal\u00e7otades i segur que hi tornar\u00e0s.\" \/>\n<meta name=\"robots\" content=\"index, follow, max-snippet:-1, max-image-preview:large, max-video-preview:-1\" \/>\n<link rel=\"canonical\" href=\"https:\/\/calmanelet.es\/es\/origen-dels-calcots\/\" \/>\n<meta property=\"og:locale\" content=\"es_ES\" \/>\n<meta property=\"og:type\" content=\"article\" \/>\n<meta property=\"og:title\" content=\"Origen dels Cal\u00e7ots\" \/>\n<meta property=\"og:description\" content=\"En aquest article del Restaurant Cal Manelet verurem l&#039;origen dels cal\u00e7ots. Vine a provar les nostres cal\u00e7otades i segur que hi tornar\u00e0s.\" \/>\n<meta property=\"og:url\" content=\"https:\/\/calmanelet.es\/es\/origen-dels-calcots\/\" \/>\n<meta property=\"og:site_name\" content=\"Cal Manelet Restaurant\" \/>\n<meta property=\"article:published_time\" content=\"2023-08-08T15:41:04+00:00\" \/>\n<meta property=\"article:modified_time\" content=\"2024-05-13T10:08:49+00:00\" \/>\n<meta property=\"og:image\" content=\"https:\/\/calmanelet.es\/wp-content\/uploads\/2023\/06\/calcots.jpg\" \/>\n\t<meta property=\"og:image:width\" content=\"826\" \/>\n\t<meta property=\"og:image:height\" content=\"826\" \/>\n\t<meta property=\"og:image:type\" content=\"image\/jpeg\" \/>\n<meta name=\"author\" content=\"digitalme\" \/>\n<meta name=\"twitter:card\" content=\"summary_large_image\" \/>\n<meta name=\"twitter:label1\" content=\"Escrito por\" \/>\n\t<meta name=\"twitter:data1\" content=\"digitalme\" \/>\n\t<meta name=\"twitter:label2\" content=\"Tiempo de lectura\" \/>\n\t<meta name=\"twitter:data2\" content=\"3 minutos\" \/>\n<script type=\"application\/ld+json\" class=\"yoast-schema-graph\">{\"@context\":\"https:\/\/schema.org\",\"@graph\":[{\"@type\":\"Article\",\"@id\":\"https:\/\/calmanelet.es\/origen-dels-calcots\/#article\",\"isPartOf\":{\"@id\":\"https:\/\/calmanelet.es\/origen-dels-calcots\/\"},\"author\":{\"name\":\"digitalme\",\"@id\":\"https:\/\/calmanelet.es\/#\/schema\/person\/363bcafe2b8f0568c1ecea80361582ef\"},\"headline\":\"Origen dels cal\u00e7ots\",\"datePublished\":\"2023-08-08T15:41:04+00:00\",\"dateModified\":\"2024-05-13T10:08:49+00:00\",\"mainEntityOfPage\":{\"@id\":\"https:\/\/calmanelet.es\/origen-dels-calcots\/\"},\"wordCount\":609,\"commentCount\":0,\"image\":{\"@id\":\"https:\/\/calmanelet.es\/origen-dels-calcots\/#primaryimage\"},\"thumbnailUrl\":\"https:\/\/calmanelet.es\/wp-content\/uploads\/2023\/06\/calcots.jpg\",\"inLanguage\":\"es\",\"potentialAction\":[{\"@type\":\"CommentAction\",\"name\":\"Comment\",\"target\":[\"https:\/\/calmanelet.es\/origen-dels-calcots\/#respond\"]}]},{\"@type\":\"WebPage\",\"@id\":\"https:\/\/calmanelet.es\/origen-dels-calcots\/\",\"url\":\"https:\/\/calmanelet.es\/origen-dels-calcots\/\",\"name\":\"Origen dels Cal\u00e7ots\",\"isPartOf\":{\"@id\":\"https:\/\/calmanelet.es\/#website\"},\"primaryImageOfPage\":{\"@id\":\"https:\/\/calmanelet.es\/origen-dels-calcots\/#primaryimage\"},\"image\":{\"@id\":\"https:\/\/calmanelet.es\/origen-dels-calcots\/#primaryimage\"},\"thumbnailUrl\":\"https:\/\/calmanelet.es\/wp-content\/uploads\/2023\/06\/calcots.jpg\",\"datePublished\":\"2023-08-08T15:41:04+00:00\",\"dateModified\":\"2024-05-13T10:08:49+00:00\",\"author\":{\"@id\":\"https:\/\/calmanelet.es\/#\/schema\/person\/363bcafe2b8f0568c1ecea80361582ef\"},\"description\":\"En aquest article del Restaurant Cal Manelet verurem l'origen dels cal\u00e7ots. Vine a provar les nostres cal\u00e7otades i segur que hi tornar\u00e0s.\",\"breadcrumb\":{\"@id\":\"https:\/\/calmanelet.es\/origen-dels-calcots\/#breadcrumb\"},\"inLanguage\":\"es\",\"potentialAction\":[{\"@type\":\"ReadAction\",\"target\":[\"https:\/\/calmanelet.es\/origen-dels-calcots\/\"]}]},{\"@type\":\"ImageObject\",\"inLanguage\":\"es\",\"@id\":\"https:\/\/calmanelet.es\/origen-dels-calcots\/#primaryimage\",\"url\":\"https:\/\/calmanelet.es\/wp-content\/uploads\/2023\/06\/calcots.jpg\",\"contentUrl\":\"https:\/\/calmanelet.es\/wp-content\/uploads\/2023\/06\/calcots.jpg\",\"width\":826,\"height\":826},{\"@type\":\"BreadcrumbList\",\"@id\":\"https:\/\/calmanelet.es\/origen-dels-calcots\/#breadcrumb\",\"itemListElement\":[{\"@type\":\"ListItem\",\"position\":1,\"name\":\"Portada\",\"item\":\"https:\/\/calmanelet.es\/\"},{\"@type\":\"ListItem\",\"position\":2,\"name\":\"Origen dels cal\u00e7ots\"}]},{\"@type\":\"WebSite\",\"@id\":\"https:\/\/calmanelet.es\/#website\",\"url\":\"https:\/\/calmanelet.es\/\",\"name\":\"Cal Manelet Restaurant\",\"description\":\"Restaurant a Canyelles\",\"potentialAction\":[{\"@type\":\"SearchAction\",\"target\":{\"@type\":\"EntryPoint\",\"urlTemplate\":\"https:\/\/calmanelet.es\/?s={search_term_string}\"},\"query-input\":{\"@type\":\"PropertyValueSpecification\",\"valueRequired\":true,\"valueName\":\"search_term_string\"}}],\"inLanguage\":\"es\"},{\"@type\":\"Person\",\"@id\":\"https:\/\/calmanelet.es\/#\/schema\/person\/363bcafe2b8f0568c1ecea80361582ef\",\"name\":\"digitalme\",\"image\":{\"@type\":\"ImageObject\",\"inLanguage\":\"es\",\"@id\":\"https:\/\/calmanelet.es\/#\/schema\/person\/image\/\",\"url\":\"https:\/\/secure.gravatar.com\/avatar\/70050c41d678b2b3e9b2ef8ad47c2fd4562a978dd6c4f3ec09c2816212aa5d15?s=96&d=mm&r=g\",\"contentUrl\":\"https:\/\/secure.gravatar.com\/avatar\/70050c41d678b2b3e9b2ef8ad47c2fd4562a978dd6c4f3ec09c2816212aa5d15?s=96&d=mm&r=g\",\"caption\":\"digitalme\"},\"sameAs\":[\"https:\/\/calmanelet.es\"],\"url\":\"https:\/\/calmanelet.es\/es\/author\/digitalme\/\"}]}<\/script>\n<!-- \/ Yoast SEO plugin. -->","yoast_head_json":{"title":"Origen dels Cal\u00e7ots","description":"En aquest article del Restaurant Cal Manelet verurem l'origen dels cal\u00e7ots. Vine a provar les nostres cal\u00e7otades i segur que hi tornar\u00e0s.","robots":{"index":"index","follow":"follow","max-snippet":"max-snippet:-1","max-image-preview":"max-image-preview:large","max-video-preview":"max-video-preview:-1"},"canonical":"https:\/\/calmanelet.es\/es\/origen-dels-calcots\/","og_locale":"es_ES","og_type":"article","og_title":"Origen dels Cal\u00e7ots","og_description":"En aquest article del Restaurant Cal Manelet verurem l'origen dels cal\u00e7ots. Vine a provar les nostres cal\u00e7otades i segur que hi tornar\u00e0s.","og_url":"https:\/\/calmanelet.es\/es\/origen-dels-calcots\/","og_site_name":"Cal Manelet Restaurant","article_published_time":"2023-08-08T15:41:04+00:00","article_modified_time":"2024-05-13T10:08:49+00:00","og_image":[{"width":826,"height":826,"url":"https:\/\/calmanelet.es\/wp-content\/uploads\/2023\/06\/calcots.jpg","type":"image\/jpeg"}],"author":"digitalme","twitter_card":"summary_large_image","twitter_misc":{"Escrito por":"digitalme","Tiempo de lectura":"3 minutos"},"schema":{"@context":"https:\/\/schema.org","@graph":[{"@type":"Article","@id":"https:\/\/calmanelet.es\/origen-dels-calcots\/#article","isPartOf":{"@id":"https:\/\/calmanelet.es\/origen-dels-calcots\/"},"author":{"name":"digitalme","@id":"https:\/\/calmanelet.es\/#\/schema\/person\/363bcafe2b8f0568c1ecea80361582ef"},"headline":"Origen dels cal\u00e7ots","datePublished":"2023-08-08T15:41:04+00:00","dateModified":"2024-05-13T10:08:49+00:00","mainEntityOfPage":{"@id":"https:\/\/calmanelet.es\/origen-dels-calcots\/"},"wordCount":609,"commentCount":0,"image":{"@id":"https:\/\/calmanelet.es\/origen-dels-calcots\/#primaryimage"},"thumbnailUrl":"https:\/\/calmanelet.es\/wp-content\/uploads\/2023\/06\/calcots.jpg","inLanguage":"es","potentialAction":[{"@type":"CommentAction","name":"Comment","target":["https:\/\/calmanelet.es\/origen-dels-calcots\/#respond"]}]},{"@type":"WebPage","@id":"https:\/\/calmanelet.es\/origen-dels-calcots\/","url":"https:\/\/calmanelet.es\/origen-dels-calcots\/","name":"Origen dels Cal\u00e7ots","isPartOf":{"@id":"https:\/\/calmanelet.es\/#website"},"primaryImageOfPage":{"@id":"https:\/\/calmanelet.es\/origen-dels-calcots\/#primaryimage"},"image":{"@id":"https:\/\/calmanelet.es\/origen-dels-calcots\/#primaryimage"},"thumbnailUrl":"https:\/\/calmanelet.es\/wp-content\/uploads\/2023\/06\/calcots.jpg","datePublished":"2023-08-08T15:41:04+00:00","dateModified":"2024-05-13T10:08:49+00:00","author":{"@id":"https:\/\/calmanelet.es\/#\/schema\/person\/363bcafe2b8f0568c1ecea80361582ef"},"description":"En aquest article del Restaurant Cal Manelet verurem l'origen dels cal\u00e7ots. Vine a provar les nostres cal\u00e7otades i segur que hi tornar\u00e0s.","breadcrumb":{"@id":"https:\/\/calmanelet.es\/origen-dels-calcots\/#breadcrumb"},"inLanguage":"es","potentialAction":[{"@type":"ReadAction","target":["https:\/\/calmanelet.es\/origen-dels-calcots\/"]}]},{"@type":"ImageObject","inLanguage":"es","@id":"https:\/\/calmanelet.es\/origen-dels-calcots\/#primaryimage","url":"https:\/\/calmanelet.es\/wp-content\/uploads\/2023\/06\/calcots.jpg","contentUrl":"https:\/\/calmanelet.es\/wp-content\/uploads\/2023\/06\/calcots.jpg","width":826,"height":826},{"@type":"BreadcrumbList","@id":"https:\/\/calmanelet.es\/origen-dels-calcots\/#breadcrumb","itemListElement":[{"@type":"ListItem","position":1,"name":"Portada","item":"https:\/\/calmanelet.es\/"},{"@type":"ListItem","position":2,"name":"Origen dels cal\u00e7ots"}]},{"@type":"WebSite","@id":"https:\/\/calmanelet.es\/#website","url":"https:\/\/calmanelet.es\/","name":"Cal Manelet Restaurant","description":"Restaurante en Canyelles","potentialAction":[{"@type":"SearchAction","target":{"@type":"EntryPoint","urlTemplate":"https:\/\/calmanelet.es\/?s={search_term_string}"},"query-input":{"@type":"PropertyValueSpecification","valueRequired":true,"valueName":"search_term_string"}}],"inLanguage":"es"},{"@type":"Person","@id":"https:\/\/calmanelet.es\/#\/schema\/person\/363bcafe2b8f0568c1ecea80361582ef","name":"digitalme","image":{"@type":"ImageObject","inLanguage":"es","@id":"https:\/\/calmanelet.es\/#\/schema\/person\/image\/","url":"https:\/\/secure.gravatar.com\/avatar\/70050c41d678b2b3e9b2ef8ad47c2fd4562a978dd6c4f3ec09c2816212aa5d15?s=96&d=mm&r=g","contentUrl":"https:\/\/secure.gravatar.com\/avatar\/70050c41d678b2b3e9b2ef8ad47c2fd4562a978dd6c4f3ec09c2816212aa5d15?s=96&d=mm&r=g","caption":"digitalme"},"sameAs":["https:\/\/calmanelet.es"],"url":"https:\/\/calmanelet.es\/es\/author\/digitalme\/"}]}},"_links":{"self":[{"href":"https:\/\/calmanelet.es\/es\/wp-json\/wp\/v2\/posts\/1112","targetHints":{"allow":["GET"]}}],"collection":[{"href":"https:\/\/calmanelet.es\/es\/wp-json\/wp\/v2\/posts"}],"about":[{"href":"https:\/\/calmanelet.es\/es\/wp-json\/wp\/v2\/types\/post"}],"author":[{"embeddable":true,"href":"https:\/\/calmanelet.es\/es\/wp-json\/wp\/v2\/users\/1"}],"replies":[{"embeddable":true,"href":"https:\/\/calmanelet.es\/es\/wp-json\/wp\/v2\/comments?post=1112"}],"version-history":[{"count":10,"href":"https:\/\/calmanelet.es\/es\/wp-json\/wp\/v2\/posts\/1112\/revisions"}],"predecessor-version":[{"id":1197,"href":"https:\/\/calmanelet.es\/es\/wp-json\/wp\/v2\/posts\/1112\/revisions\/1197"}],"wp:featuredmedia":[{"embeddable":true,"href":"https:\/\/calmanelet.es\/es\/wp-json\/wp\/v2\/media\/1022"}],"wp:attachment":[{"href":"https:\/\/calmanelet.es\/es\/wp-json\/wp\/v2\/media?parent=1112"}],"wp:term":[{"taxonomy":"category","embeddable":true,"href":"https:\/\/calmanelet.es\/es\/wp-json\/wp\/v2\/categories?post=1112"},{"taxonomy":"post_tag","embeddable":true,"href":"https:\/\/calmanelet.es\/es\/wp-json\/wp\/v2\/tags?post=1112"}],"curies":[{"name":"wp","href":"https:\/\/api.w.org\/{rel}","templated":true}]}}