{"id":287,"date":"2020-10-29T14:41:56","date_gmt":"2020-10-29T14:41:56","guid":{"rendered":"https:\/\/calmanelet.es\/?p=287"},"modified":"2024-07-25T07:26:12","modified_gmt":"2024-07-25T07:26:12","slug":"cuina-tradicional-catalana-canyelles","status":"publish","type":"post","link":"https:\/\/calmanelet.es\/es\/cuina-tradicional-catalana-canyelles\/","title":{"rendered":"Cuina tradicional catalana a Canyelles"},"content":{"rendered":"<p>[et_pb_section fb_built=&#8221;1&#8243; _builder_version=&#8221;4.17.4&#8243; _module_preset=&#8221;default&#8221; background_image=&#8221;https:\/\/calmanelet.es\/wp-content\/uploads\/2020\/10\/calcotada.jpg&#8221; width=&#8221;100%&#8221; custom_padding=&#8221;84px||64px|||&#8221; global_colors_info=&#8221;{}&#8221; theme_builder_area=&#8221;post_content&#8221;][et_pb_row _builder_version=&#8221;4.16&#8243; _module_preset=&#8221;default&#8221; custom_margin=&#8221;-0.3%|auto|-0.3%|auto|true|false&#8221; global_colors_info=&#8221;{}&#8221; theme_builder_area=&#8221;post_content&#8221;][et_pb_column type=&#8221;4_4&#8243; _builder_version=&#8221;4.16&#8243; _module_preset=&#8221;default&#8221; global_colors_info=&#8221;{}&#8221; theme_builder_area=&#8221;post_content&#8221;][et_pb_text _builder_version=&#8221;4.17.4&#8243; _module_preset=&#8221;default&#8221; text_text_color=&#8221;#FFFFFF&#8221; text_font_size=&#8221;24px&#8221; text_line_height=&#8221;1.9em&#8221; header_text_align=&#8221;center&#8221; header_text_color=&#8221;#FFFFFF&#8221; background_color=&#8221;rgba(0,0,0,0.36)&#8221; custom_padding=&#8221;1em|1em|1em|1em|true|true&#8221; text_font_size_tablet=&#8221;22px&#8221; text_font_size_phone=&#8221;20px&#8221; text_font_size_last_edited=&#8221;on|tablet&#8221; header_text_align_tablet=&#8221;center&#8221; header_text_align_phone=&#8221;&#8221; header_text_align_last_edited=&#8221;on|desktop&#8221; global_colors_info=&#8221;{}&#8221; theme_builder_area=&#8221;post_content&#8221;]<\/p>\n<p style=\"text-align: center;\">Si vols gaudir de la <em><strong>cuina tradicional catalana a\u00a0Canyelles<\/strong><\/em> Barcelona<em><strong>,<\/strong><\/em> visita el Restaurant Cal Manelet<\/p>\n<p>&nbsp;<\/p>\n<p>[\/et_pb_text][et_pb_button button_url=&#8221;@ET-DC@eyJkeW5hbWljIjp0cnVlLCJjb250ZW50IjoicG9zdF9saW5rX3VybF9wYWdlIiwic2V0dGluZ3MiOnsicG9zdF9pZCI6IjIifX0=@&#8221; button_text=&#8221;Reserva tu mesa&#8221; button_alignment=&#8221;center&#8221; _builder_version=&#8221;4.16&#8243; _dynamic_attributes=&#8221;button_url&#8221; _module_preset=&#8221;default&#8221; custom_button=&#8221;on&#8221; button_text_color=&#8221;#FFFFFF&#8221; button_bg_color=&#8221;#000000&#8243; button_border_width=&#8221;0px&#8221; global_colors_info=&#8221;{}&#8221; theme_builder_area=&#8221;post_content&#8221;][\/et_pb_button][\/et_pb_column][\/et_pb_row][\/et_pb_section][et_pb_section fb_built=&#8221;1&#8243; _builder_version=&#8221;4.16&#8243; _module_preset=&#8221;default&#8221; global_colors_info=&#8221;{}&#8221; theme_builder_area=&#8221;post_content&#8221;][et_pb_row _builder_version=&#8221;4.16&#8243; _module_preset=&#8221;default&#8221; width=&#8221;100%&#8221; custom_padding=&#8221;|1em||1em|false|true&#8221; global_colors_info=&#8221;{}&#8221; theme_builder_area=&#8221;post_content&#8221;][et_pb_column type=&#8221;4_4&#8243; _builder_version=&#8221;4.16&#8243; _module_preset=&#8221;default&#8221; global_colors_info=&#8221;{}&#8221; theme_builder_area=&#8221;post_content&#8221;][et_pb_text _builder_version=&#8221;4.17.4&#8243; _module_preset=&#8221;default&#8221; text_font_size=&#8221;16px&#8221; text_orientation=&#8221;justified&#8221; global_colors_info=&#8221;{}&#8221; theme_builder_area=&#8221;post_content&#8221;]<\/p>\n<h2><strong>La millor cuina tradicional catalana a Canyelles<\/strong><\/h2>\n<p><strong>Cal Manelet<\/strong> \u00e9s un restaurant orgull\u00f3s d&#8217;oferir-los plats de la cuina tradicional catalana a Canyelles. \u00c9s part del grup de cuines que formen la mundialment reconeguda dieta mediterr\u00e0nia. Per als nostres plats de la cuina tradicional catalana utilitzem productes frescos de temporada.<\/p>\n<p>Com a bona cuina mediterr\u00e0nia, t\u00e9 a la base l&#8217;oli d&#8217;oliva i fa bon \u00fas d&#8217;herbes arom\u00e0tiques i llegums i hortalisses fresques.<\/p>\n<p>Les diferents regions de Catalunya han creat una varietat de plats adaptats a la disponibilitat d&#8217;ingredients i necessitat cal\u00f2rica dels habitants d&#8217;aquests llocs. Els pobles de muntanya van donar lloc a les <strong><a href=\"https:\/\/calmanelet.es\/carns-brasa-vilanova-geltru\/\">carns a la brasa<\/a><\/strong>, els bolets i per descomptat els caragols, mentre que els pobles costaners van incloure els plats a base de peix, marisc i arrossos i per descomptat els dos tipus de menjar tamb\u00e9 van fusionar per crear els plats de mar i muntanya que combinen sabors de tots dos estils de cuina.<\/p>\n<p>[\/et_pb_text][et_pb_text _builder_version=&#8221;4.17.4&#8243; _module_preset=&#8221;default&#8221; text_font_size=&#8221;16px&#8221; text_orientation=&#8221;justified&#8221; global_colors_info=&#8221;{}&#8221; theme_builder_area=&#8221;post_content&#8221;]<\/p>\n<h2><strong>Els plats m\u00e9s coneguts de la cuina tradicional catalana del nostre restaurant de Canyelles<\/strong><\/h2>\n<h3><\/h3>\n<p><img loading=\"lazy\" decoding=\"async\" src=\"https:\/\/calmanelet.es\/wp-content\/uploads\/2020\/10\/cargols-a-la-llauna-restaurante-cal-manelet.jpg\" width=\"275\" height=\"200\" alt=\"cuina tradicional catalana canyelles\" class=\"wp-image-130 alignnone size-full\" style=\"float: left; margin-right: 20px;\" \/><\/p>\n<h3>\u00a0Cargols &#8220;a la llauna&#8221;<\/h3>\n<p>Els <strong><a href=\"https:\/\/calmanelet.es\/cargols-a-la-llauna-vilanova-i-la-geltru\/\">cargols a la llauna<\/a><\/strong> s\u00f3n un plat t\u00edpic de Lleida per\u00f2 que es troba per tot Catalunya avui dia.<\/p>\n<p>El nom del plat ve donat del catal\u00e0 &#8220;a la llauna&#8221; per com es preparen i per la seva\u00a0 \u00a0presentaci\u00f3: cuinats i servits en una &#8220;llauna&#8221;. Existeixen moltes variacions de la recepta segons regi\u00f3 i fins segons establiment.<\/p>\n<p>[\/et_pb_text][et_pb_text _builder_version=&#8221;4.17.4&#8243; _module_preset=&#8221;default&#8221; text_font_size=&#8221;16px&#8221; text_orientation=&#8221;justified&#8221; global_colors_info=&#8221;{}&#8221; theme_builder_area=&#8221;post_content&#8221;]<\/p>\n<h3><\/h3>\n<h3><\/h3>\n<h3><\/h3>\n<h3><\/h3>\n<h3><\/h3>\n<h3><\/h3>\n<h3><\/h3>\n<h3 id=\"Cal\u00e7otada\">Cal\u00e7otada<\/h3>\n<p><img loading=\"lazy\" decoding=\"async\" src=\"https:\/\/calmanelet.es\/wp-content\/uploads\/2020\/10\/calcotada-300x169.jpg\" width=\"300\" height=\"169\" alt=\"cuina tradicional catalana a canyelles\" class=\"wp-image-304 alignnone size-medium\" style=\"float: right; margin-left: 20px;\" \/><\/p>\n<p>Els cal\u00e7ots s\u00f3n una mena de ceba llarga, tendra i dol\u00e7a que es cuina a la brasa.<\/p>\n<p>Els cal\u00e7ots se serveixen sempre amb la salsa Romesco per mullar els cal\u00e7ots.<\/p>\n<p>Les &#8220;cal\u00e7otades&#8221; s\u00f3n molt populars Catalunya i s\u00f3n l&#8217;excusa perfecta per fer reunions d&#8217;amics i fam\u00edlia durant la temporada de cal\u00e7otades.<\/p>\n<p>[\/et_pb_text][et_pb_text _builder_version=&#8221;4.17.4&#8243; _module_preset=&#8221;default&#8221; text_font_size=&#8221;16px&#8221; text_orientation=&#8221;justified&#8221; global_colors_info=&#8221;{}&#8221; theme_builder_area=&#8221;post_content&#8221;]<\/p>\n<h3 id=\"Escudella_i_carn_d_olla\">&#8220;Escudella&#8221; i &#8220;carn d&#8217;olla&#8221;<\/h3>\n<p>\u00c9s un plat t\u00edpic de muntanya o d&#8217;hivern.<\/p>\n<p>Els ingredients principals s\u00f3n les carns de: vaca, porc i pollastre, aix\u00ed com vegetals (patata, pastanaga, cigrons) i la forma \u00e9s d&#8217;un cuit amb brou. Una de les particularitats d&#8217;aquesta recepta \u00e9s que inclou entre els seus ingredients les &#8220;pilotes&#8221;, una esp\u00e8cie de mandonguilles allargades amb forma de croquetes, elaborades amb carn, ou, pa, all i julivert, que es couen en el brou.<\/p>\n<p>L&#8217;escudella pot ser separada en &#8220;escudella&#8221; o &#8220;sopa de galets&#8221; que \u00e9s el brou resultat de la carn d&#8217;olla amb pastes en forma de cargol, mentre que la carn es pot servir separat com &#8220;carn d&#8217;olla&#8221;.<\/p>\n<p>[\/et_pb_text][et_pb_text _builder_version=&#8221;4.17.4&#8243; _module_preset=&#8221;default&#8221; text_font_size=&#8221;16px&#8221; text_orientation=&#8221;justified&#8221; global_colors_info=&#8221;{}&#8221; theme_builder_area=&#8221;post_content&#8221;]<\/p>\n<h3 id=\"Peus_de_porc_estofat\">Peus de porc estofat<\/h3>\n<p>S\u00f3n els peus de porc guisats amb cebes, tom\u00e0quets, all, fulles de llorer, vi i picada. La llista d&#8217;ingredients pot variar segons receptes regionals i temporalitat de certs ingredients com els bolets.<\/p>\n<p>Els &#8220;peus de porc estofat&#8221; requereixen una cocci\u00f3 lenta per aconseguir un plat sabor\u00f3s i ple d&#8217;energia i prote\u00efnes.<\/p>\n<p>&nbsp;<\/p>\n<p>[\/et_pb_text][\/et_pb_column][\/et_pb_row][et_pb_row column_structure=&#8221;2_5,3_5&#8243; _builder_version=&#8221;4.17.4&#8243; _module_preset=&#8221;default&#8221; global_colors_info=&#8221;{}&#8221; theme_builder_area=&#8221;post_content&#8221;][et_pb_column type=&#8221;2_5&#8243; _builder_version=&#8221;4.17.4&#8243; _module_preset=&#8221;default&#8221; global_colors_info=&#8221;{}&#8221; theme_builder_area=&#8221;post_content&#8221;][et_pb_image src=&#8221;https:\/\/calmanelet.es\/wp-content\/uploads\/2023\/06\/esqueixada.jpg&#8221; _builder_version=&#8221;4.17.4&#8243; _module_preset=&#8221;default&#8221; max_width=&#8221;90%&#8221; global_colors_info=&#8221;{}&#8221; theme_builder_area=&#8221;post_content&#8221;][\/et_pb_image][\/et_pb_column][et_pb_column type=&#8221;3_5&#8243; _builder_version=&#8221;4.17.4&#8243; _module_preset=&#8221;default&#8221; global_colors_info=&#8221;{}&#8221; theme_builder_area=&#8221;post_content&#8221;][et_pb_text _builder_version=&#8221;4.17.4&#8243; _module_preset=&#8221;default&#8221; text_font_size=&#8221;16px&#8221; global_colors_info=&#8221;{}&#8221; theme_builder_area=&#8221;post_content&#8221;]<\/p>\n<h3>Contacta&#8217;ns per probar la millor cuina tradicional catalana a Canyelles<\/h3>\n<p>Si busqueu una experi\u00e8ncia culin\u00e0ria aut\u00e8ntica i \u00fanica, el nostre restaurant \u00e9s el lloc perfecte per a vost\u00e8.<\/p>\n<p>El nostre <strong><a href=\"https:\/\/calmanelet.es\/menu-diari-a-vilanova-i-la-geltru\/\">men\u00fa diari<\/a><\/strong> es basa en els sabors i les t\u00e8cniques de la cuina tradicional catalana, utilitzant ingredients locals frescos i de temporada per oferir-li un aliment delici\u00f3s i aut\u00e8ntic. Des dels cl\u00e0ssics plats de marisc, com ara la paella i l&#8217;arr\u00f2s negre, fins als plats de carn i verdures m\u00e9s elaborats, el nostre men\u00fa est\u00e0 dissenyat per satisfer tots els gustos i prefer\u00e8ncies.<\/p>\n<p>A m\u00e9s del nostre delici\u00f3s menjar, el nostre ambient c\u00e0lid i acollidor us far\u00e0 sentir com a casa. El nostre personal amable i servicial est\u00e0 a la vostra disposici\u00f3 per fer que la vostra visita sigui el m\u00e9s agradable possible.<\/p>\n<p>Si esteu buscant una aut\u00e8ntica experi\u00e8ncia culin\u00e0ria catalana, no busqueu m\u00e9s. Vingui al nostre restaurant i gaudiu d&#8217;un \u00e0pat que no oblidar\u00e0. Esperem veure&#8217;l aviat!<\/p>\n<p>[\/et_pb_text][\/et_pb_column][\/et_pb_row][et_pb_row column_structure=&#8221;1_2,1_2&#8243; _builder_version=&#8221;4.17.4&#8243; _module_preset=&#8221;default&#8221; global_colors_info=&#8221;{}&#8221; theme_builder_area=&#8221;post_content&#8221;][et_pb_column type=&#8221;1_2&#8243; _builder_version=&#8221;4.17.4&#8243; _module_preset=&#8221;default&#8221; global_colors_info=&#8221;{}&#8221; theme_builder_area=&#8221;post_content&#8221;][et_pb_image src=&#8221;https:\/\/calmanelet.es\/wp-content\/uploads\/2020\/10\/rovellons-a-la-brasa-cal-manelet.jpg&#8221; _builder_version=&#8221;4.17.4&#8243; _module_preset=&#8221;default&#8221; max_width=&#8221;94%&#8221; global_colors_info=&#8221;{}&#8221; theme_builder_area=&#8221;post_content&#8221;][\/et_pb_image][\/et_pb_column][et_pb_column type=&#8221;1_2&#8243; _builder_version=&#8221;4.17.4&#8243; _module_preset=&#8221;default&#8221; global_colors_info=&#8221;{}&#8221; theme_builder_area=&#8221;post_content&#8221;][et_pb_image src=&#8221;https:\/\/calmanelet.es\/wp-content\/uploads\/2023\/02\/esqueixada.png&#8221; alt=&#8221;Cuina tradicional catalana en Canyelles esqueixada&#8221; title_text=&#8221;Cuina tradicional catalana en Canyelles esqueixada&#8221; _builder_version=&#8221;4.17.4&#8243; _module_preset=&#8221;default&#8221; global_colors_info=&#8221;{}&#8221; theme_builder_area=&#8221;post_content&#8221;][\/et_pb_image][\/et_pb_column][\/et_pb_row][et_pb_row _builder_version=&#8221;4.25.2&#8243; _module_preset=&#8221;default&#8221; theme_builder_area=&#8221;post_content&#8221;][et_pb_column _builder_version=&#8221;4.25.2&#8243; _module_preset=&#8221;default&#8221; type=&#8221;4_4&#8243; theme_builder_area=&#8221;post_content&#8221;][et_pb_text _builder_version=&#8221;4.25.2&#8243; _module_preset=&#8221;default&#8221; theme_builder_area=&#8221;post_content&#8221; hover_enabled=&#8221;0&#8243; sticky_enabled=&#8221;0&#8243;]<\/p>\n<h2><strong>Beneficis de escollir Cal Manelet per cuina tradicional catalana a Canyelles<\/strong><\/h2>\n<p>Cal Manelet \u00e9s la destinaci\u00f3 ideal per als amants de la cuina tradicional catalana a Canyelles. Aquest encantador restaurant ofereix una experi\u00e8ncia gastron\u00f2mica aut\u00e8ntica que captiva tant a locals com a visitants. Aqu\u00ed, et presentem alguns dels beneficis d&#8217;escollir Cal Manelet per gaudir dels plats tradicionals catalans.<\/p>\n<p><strong>Autenticitat gastron\u00f2mica<\/strong>: A Cal Manelet, la cuina catalana es prepara amb receptes tradicionals transmeses de generaci\u00f3 en generaci\u00f3, garantint una experi\u00e8ncia culin\u00e0ria aut\u00e8ntica i saborosa.<\/p>\n<p><strong>Productes locals i frescos<\/strong>: Utilitzem ingredients de proximitat i de temporada, assegurant la m\u00e0xima qualitat i frescor en cada plat, mentre donem suport als productors locals.<\/p>\n<p><strong>Ambient acollidor<\/strong>: El nostre restaurant ofereix un entorn c\u00e0lid i acollidor que et far\u00e0 sentir com a casa. Perfecte per a dinars familiars, sopars rom\u00e0ntics o trobades amb amics.<\/p>\n<p><strong>Varietat de plats tradicionals<\/strong>: El men\u00fa de Cal Manelet inclou una \u00e0mplia gamma de plats t\u00edpics catalans, des de tapes i entrants fins a plats principals i postres, que satisfan tots els gustos.<\/p>\n<p><strong>Servei excel\u00b7lent<\/strong>: El nostre equip de professionals est\u00e0 dedicat a oferir-te un servei amable i atent, assegurant que cada visita sigui memorable.<\/p>\n<p><strong>Relaci\u00f3 qualitat-preu<\/strong>: A Cal Manelet, oferim una excel\u00b7lent relaci\u00f3 qualitat-preu, amb plats deliciosos a preus raonables, perqu\u00e8 puguis gaudir de la millor cuina catalana sense preocupar-te pel pressupost.<\/p>\n<p>Visitar Cal Manelet \u00e9s una oportunitat per submergir-te en la rica tradici\u00f3 culin\u00e0ria de Catalunya mentre gaudeixes d&#8217;un ambient encantador a Canyelles. No esperis m\u00e9s per descobrir els beneficis d&#8217;escollir-nos per la teva propera experi\u00e8ncia gastron\u00f2mica!<\/p>\n<p>[\/et_pb_text][\/et_pb_column][\/et_pb_row][\/et_pb_section]<\/p>","protected":false},"excerpt":{"rendered":"<p>Si vols gaudir de la cuina tradicional catalana a\u00a0Canyelles Barcelona, visita el Restaurant Cal Manelet &nbsp;La millor cuina tradicional catalana a Canyelles Cal Manelet \u00e9s un restaurant orgull\u00f3s d&#8217;oferir-los plats de la cuina tradicional catalana a Canyelles. \u00c9s part del grup de cuines que formen la mundialment reconeguda dieta mediterr\u00e0nia. Per als nostres plats de [&hellip;]<\/p>","protected":false},"author":1,"featured_media":304,"comment_status":"open","ping_status":"open","sticky":false,"template":"","format":"standard","meta":{"_et_pb_use_builder":"on","_et_pb_old_content":"","_et_gb_content_width":"","footnotes":""},"categories":[1],"tags":[],"class_list":["post-287","post","type-post","status-publish","format-standard","has-post-thumbnail","hentry","category-sin-categoria"],"yoast_head":"<!-- This site is optimized with the Yoast SEO plugin v27.0 - https:\/\/yoast.com\/product\/yoast-seo-wordpress\/ -->\n<title>Cuina tradicional catalana a Canyelles - Cal Manelet Restaurant<\/title>\n<meta name=\"description\" content=\"Descobreix la cuina tradicional catalana a Cal Manelet en Canyelles (Barcelona) - ingredients frescos i naturals i els plats tradicionals\" \/>\n<meta name=\"robots\" content=\"index, follow, max-snippet:-1, max-image-preview:large, max-video-preview:-1\" \/>\n<link rel=\"canonical\" href=\"https:\/\/calmanelet.es\/es\/cuina-tradicional-catalana-canyelles\/\" \/>\n<meta property=\"og:locale\" content=\"es_ES\" \/>\n<meta property=\"og:type\" content=\"article\" \/>\n<meta property=\"og:title\" content=\"Cuina tradicional catalana a Canyelles - Cal Manelet Restaurant\" \/>\n<meta property=\"og:description\" content=\"Descobreix la cuina tradicional catalana a Cal Manelet en Canyelles (Barcelona) - ingredients frescos i naturals i els plats tradicionals\" \/>\n<meta property=\"og:url\" content=\"https:\/\/calmanelet.es\/es\/cuina-tradicional-catalana-canyelles\/\" \/>\n<meta property=\"og:site_name\" content=\"Cal Manelet Restaurant\" \/>\n<meta property=\"article:published_time\" content=\"2020-10-29T14:41:56+00:00\" \/>\n<meta property=\"article:modified_time\" content=\"2024-07-25T07:26:12+00:00\" \/>\n<meta property=\"og:image\" content=\"https:\/\/calmanelet.es\/wp-content\/uploads\/2020\/10\/calcotada.jpg\" \/>\n\t<meta property=\"og:image:width\" content=\"550\" \/>\n\t<meta property=\"og:image:height\" content=\"309\" \/>\n\t<meta property=\"og:image:type\" content=\"image\/jpeg\" \/>\n<meta name=\"author\" content=\"digitalme\" \/>\n<meta name=\"twitter:card\" content=\"summary_large_image\" \/>\n<meta name=\"twitter:label1\" content=\"Escrito por\" \/>\n\t<meta name=\"twitter:data1\" content=\"digitalme\" \/>\n\t<meta name=\"twitter:label2\" content=\"Tiempo de lectura\" \/>\n\t<meta name=\"twitter:data2\" content=\"5 minutos\" \/>\n<script type=\"application\/ld+json\" class=\"yoast-schema-graph\">{\"@context\":\"https:\/\/schema.org\",\"@graph\":[{\"@type\":\"Article\",\"@id\":\"https:\/\/calmanelet.es\/cuina-tradicional-catalana-canyelles\/#article\",\"isPartOf\":{\"@id\":\"https:\/\/calmanelet.es\/cuina-tradicional-catalana-canyelles\/\"},\"author\":{\"name\":\"digitalme\",\"@id\":\"https:\/\/calmanelet.es\/#\/schema\/person\/363bcafe2b8f0568c1ecea80361582ef\"},\"headline\":\"Cuina tradicional catalana a Canyelles\",\"datePublished\":\"2020-10-29T14:41:56+00:00\",\"dateModified\":\"2024-07-25T07:26:12+00:00\",\"mainEntityOfPage\":{\"@id\":\"https:\/\/calmanelet.es\/cuina-tradicional-catalana-canyelles\/\"},\"wordCount\":1699,\"commentCount\":2,\"image\":{\"@id\":\"https:\/\/calmanelet.es\/cuina-tradicional-catalana-canyelles\/#primaryimage\"},\"thumbnailUrl\":\"https:\/\/calmanelet.es\/wp-content\/uploads\/2020\/10\/calcotada.jpg\",\"inLanguage\":\"es\",\"potentialAction\":[{\"@type\":\"CommentAction\",\"name\":\"Comment\",\"target\":[\"https:\/\/calmanelet.es\/cuina-tradicional-catalana-canyelles\/#respond\"]}]},{\"@type\":\"WebPage\",\"@id\":\"https:\/\/calmanelet.es\/cuina-tradicional-catalana-canyelles\/\",\"url\":\"https:\/\/calmanelet.es\/cuina-tradicional-catalana-canyelles\/\",\"name\":\"Cuina tradicional catalana a Canyelles - Cal Manelet Restaurant\",\"isPartOf\":{\"@id\":\"https:\/\/calmanelet.es\/#website\"},\"primaryImageOfPage\":{\"@id\":\"https:\/\/calmanelet.es\/cuina-tradicional-catalana-canyelles\/#primaryimage\"},\"image\":{\"@id\":\"https:\/\/calmanelet.es\/cuina-tradicional-catalana-canyelles\/#primaryimage\"},\"thumbnailUrl\":\"https:\/\/calmanelet.es\/wp-content\/uploads\/2020\/10\/calcotada.jpg\",\"datePublished\":\"2020-10-29T14:41:56+00:00\",\"dateModified\":\"2024-07-25T07:26:12+00:00\",\"author\":{\"@id\":\"https:\/\/calmanelet.es\/#\/schema\/person\/363bcafe2b8f0568c1ecea80361582ef\"},\"description\":\"Descobreix la cuina tradicional catalana a Cal Manelet en Canyelles (Barcelona) - ingredients frescos i naturals i els plats tradicionals\",\"breadcrumb\":{\"@id\":\"https:\/\/calmanelet.es\/cuina-tradicional-catalana-canyelles\/#breadcrumb\"},\"inLanguage\":\"es\",\"potentialAction\":[{\"@type\":\"ReadAction\",\"target\":[\"https:\/\/calmanelet.es\/cuina-tradicional-catalana-canyelles\/\"]}]},{\"@type\":\"ImageObject\",\"inLanguage\":\"es\",\"@id\":\"https:\/\/calmanelet.es\/cuina-tradicional-catalana-canyelles\/#primaryimage\",\"url\":\"https:\/\/calmanelet.es\/wp-content\/uploads\/2020\/10\/calcotada.jpg\",\"contentUrl\":\"https:\/\/calmanelet.es\/wp-content\/uploads\/2020\/10\/calcotada.jpg\",\"width\":550,\"height\":309,\"caption\":\"cuina tradicional catalana a canyelles\"},{\"@type\":\"BreadcrumbList\",\"@id\":\"https:\/\/calmanelet.es\/cuina-tradicional-catalana-canyelles\/#breadcrumb\",\"itemListElement\":[{\"@type\":\"ListItem\",\"position\":1,\"name\":\"Portada\",\"item\":\"https:\/\/calmanelet.es\/\"},{\"@type\":\"ListItem\",\"position\":2,\"name\":\"Cuina tradicional catalana a Canyelles\"}]},{\"@type\":\"WebSite\",\"@id\":\"https:\/\/calmanelet.es\/#website\",\"url\":\"https:\/\/calmanelet.es\/\",\"name\":\"Cal Manelet Restaurant\",\"description\":\"Restaurant a Canyelles\",\"potentialAction\":[{\"@type\":\"SearchAction\",\"target\":{\"@type\":\"EntryPoint\",\"urlTemplate\":\"https:\/\/calmanelet.es\/?s={search_term_string}\"},\"query-input\":{\"@type\":\"PropertyValueSpecification\",\"valueRequired\":true,\"valueName\":\"search_term_string\"}}],\"inLanguage\":\"es\"},{\"@type\":\"Person\",\"@id\":\"https:\/\/calmanelet.es\/#\/schema\/person\/363bcafe2b8f0568c1ecea80361582ef\",\"name\":\"digitalme\",\"image\":{\"@type\":\"ImageObject\",\"inLanguage\":\"es\",\"@id\":\"https:\/\/calmanelet.es\/#\/schema\/person\/image\/\",\"url\":\"https:\/\/secure.gravatar.com\/avatar\/70050c41d678b2b3e9b2ef8ad47c2fd4562a978dd6c4f3ec09c2816212aa5d15?s=96&d=mm&r=g\",\"contentUrl\":\"https:\/\/secure.gravatar.com\/avatar\/70050c41d678b2b3e9b2ef8ad47c2fd4562a978dd6c4f3ec09c2816212aa5d15?s=96&d=mm&r=g\",\"caption\":\"digitalme\"},\"sameAs\":[\"https:\/\/calmanelet.es\"],\"url\":\"https:\/\/calmanelet.es\/es\/author\/digitalme\/\"}]}<\/script>\n<!-- \/ Yoast SEO plugin. -->","yoast_head_json":{"title":"Cuina tradicional catalana a Canyelles - Cal Manelet Restaurant","description":"Descobreix la cuina tradicional catalana a Cal Manelet en Canyelles (Barcelona) - ingredients frescos i naturals i els plats tradicionals","robots":{"index":"index","follow":"follow","max-snippet":"max-snippet:-1","max-image-preview":"max-image-preview:large","max-video-preview":"max-video-preview:-1"},"canonical":"https:\/\/calmanelet.es\/es\/cuina-tradicional-catalana-canyelles\/","og_locale":"es_ES","og_type":"article","og_title":"Cuina tradicional catalana a Canyelles - Cal Manelet Restaurant","og_description":"Descobreix la cuina tradicional catalana a Cal Manelet en Canyelles (Barcelona) - ingredients frescos i naturals i els plats tradicionals","og_url":"https:\/\/calmanelet.es\/es\/cuina-tradicional-catalana-canyelles\/","og_site_name":"Cal Manelet Restaurant","article_published_time":"2020-10-29T14:41:56+00:00","article_modified_time":"2024-07-25T07:26:12+00:00","og_image":[{"width":550,"height":309,"url":"https:\/\/calmanelet.es\/wp-content\/uploads\/2020\/10\/calcotada.jpg","type":"image\/jpeg"}],"author":"digitalme","twitter_card":"summary_large_image","twitter_misc":{"Escrito por":"digitalme","Tiempo de lectura":"5 minutos"},"schema":{"@context":"https:\/\/schema.org","@graph":[{"@type":"Article","@id":"https:\/\/calmanelet.es\/cuina-tradicional-catalana-canyelles\/#article","isPartOf":{"@id":"https:\/\/calmanelet.es\/cuina-tradicional-catalana-canyelles\/"},"author":{"name":"digitalme","@id":"https:\/\/calmanelet.es\/#\/schema\/person\/363bcafe2b8f0568c1ecea80361582ef"},"headline":"Cuina tradicional catalana a Canyelles","datePublished":"2020-10-29T14:41:56+00:00","dateModified":"2024-07-25T07:26:12+00:00","mainEntityOfPage":{"@id":"https:\/\/calmanelet.es\/cuina-tradicional-catalana-canyelles\/"},"wordCount":1699,"commentCount":2,"image":{"@id":"https:\/\/calmanelet.es\/cuina-tradicional-catalana-canyelles\/#primaryimage"},"thumbnailUrl":"https:\/\/calmanelet.es\/wp-content\/uploads\/2020\/10\/calcotada.jpg","inLanguage":"es","potentialAction":[{"@type":"CommentAction","name":"Comment","target":["https:\/\/calmanelet.es\/cuina-tradicional-catalana-canyelles\/#respond"]}]},{"@type":"WebPage","@id":"https:\/\/calmanelet.es\/cuina-tradicional-catalana-canyelles\/","url":"https:\/\/calmanelet.es\/cuina-tradicional-catalana-canyelles\/","name":"Cuina tradicional catalana a Canyelles - Cal Manelet Restaurant","isPartOf":{"@id":"https:\/\/calmanelet.es\/#website"},"primaryImageOfPage":{"@id":"https:\/\/calmanelet.es\/cuina-tradicional-catalana-canyelles\/#primaryimage"},"image":{"@id":"https:\/\/calmanelet.es\/cuina-tradicional-catalana-canyelles\/#primaryimage"},"thumbnailUrl":"https:\/\/calmanelet.es\/wp-content\/uploads\/2020\/10\/calcotada.jpg","datePublished":"2020-10-29T14:41:56+00:00","dateModified":"2024-07-25T07:26:12+00:00","author":{"@id":"https:\/\/calmanelet.es\/#\/schema\/person\/363bcafe2b8f0568c1ecea80361582ef"},"description":"Descobreix la cuina tradicional catalana a Cal Manelet en Canyelles (Barcelona) - ingredients frescos i naturals i els plats tradicionals","breadcrumb":{"@id":"https:\/\/calmanelet.es\/cuina-tradicional-catalana-canyelles\/#breadcrumb"},"inLanguage":"es","potentialAction":[{"@type":"ReadAction","target":["https:\/\/calmanelet.es\/cuina-tradicional-catalana-canyelles\/"]}]},{"@type":"ImageObject","inLanguage":"es","@id":"https:\/\/calmanelet.es\/cuina-tradicional-catalana-canyelles\/#primaryimage","url":"https:\/\/calmanelet.es\/wp-content\/uploads\/2020\/10\/calcotada.jpg","contentUrl":"https:\/\/calmanelet.es\/wp-content\/uploads\/2020\/10\/calcotada.jpg","width":550,"height":309,"caption":"cuina tradicional catalana a canyelles"},{"@type":"BreadcrumbList","@id":"https:\/\/calmanelet.es\/cuina-tradicional-catalana-canyelles\/#breadcrumb","itemListElement":[{"@type":"ListItem","position":1,"name":"Portada","item":"https:\/\/calmanelet.es\/"},{"@type":"ListItem","position":2,"name":"Cuina tradicional catalana a Canyelles"}]},{"@type":"WebSite","@id":"https:\/\/calmanelet.es\/#website","url":"https:\/\/calmanelet.es\/","name":"Cal Manelet Restaurant","description":"Restaurante en Canyelles","potentialAction":[{"@type":"SearchAction","target":{"@type":"EntryPoint","urlTemplate":"https:\/\/calmanelet.es\/?s={search_term_string}"},"query-input":{"@type":"PropertyValueSpecification","valueRequired":true,"valueName":"search_term_string"}}],"inLanguage":"es"},{"@type":"Person","@id":"https:\/\/calmanelet.es\/#\/schema\/person\/363bcafe2b8f0568c1ecea80361582ef","name":"digitalme","image":{"@type":"ImageObject","inLanguage":"es","@id":"https:\/\/calmanelet.es\/#\/schema\/person\/image\/","url":"https:\/\/secure.gravatar.com\/avatar\/70050c41d678b2b3e9b2ef8ad47c2fd4562a978dd6c4f3ec09c2816212aa5d15?s=96&d=mm&r=g","contentUrl":"https:\/\/secure.gravatar.com\/avatar\/70050c41d678b2b3e9b2ef8ad47c2fd4562a978dd6c4f3ec09c2816212aa5d15?s=96&d=mm&r=g","caption":"digitalme"},"sameAs":["https:\/\/calmanelet.es"],"url":"https:\/\/calmanelet.es\/es\/author\/digitalme\/"}]}},"_links":{"self":[{"href":"https:\/\/calmanelet.es\/es\/wp-json\/wp\/v2\/posts\/287","targetHints":{"allow":["GET"]}}],"collection":[{"href":"https:\/\/calmanelet.es\/es\/wp-json\/wp\/v2\/posts"}],"about":[{"href":"https:\/\/calmanelet.es\/es\/wp-json\/wp\/v2\/types\/post"}],"author":[{"embeddable":true,"href":"https:\/\/calmanelet.es\/es\/wp-json\/wp\/v2\/users\/1"}],"replies":[{"embeddable":true,"href":"https:\/\/calmanelet.es\/es\/wp-json\/wp\/v2\/comments?post=287"}],"version-history":[{"count":22,"href":"https:\/\/calmanelet.es\/es\/wp-json\/wp\/v2\/posts\/287\/revisions"}],"predecessor-version":[{"id":1224,"href":"https:\/\/calmanelet.es\/es\/wp-json\/wp\/v2\/posts\/287\/revisions\/1224"}],"wp:featuredmedia":[{"embeddable":true,"href":"https:\/\/calmanelet.es\/es\/wp-json\/wp\/v2\/media\/304"}],"wp:attachment":[{"href":"https:\/\/calmanelet.es\/es\/wp-json\/wp\/v2\/media?parent=287"}],"wp:term":[{"taxonomy":"category","embeddable":true,"href":"https:\/\/calmanelet.es\/es\/wp-json\/wp\/v2\/categories?post=287"},{"taxonomy":"post_tag","embeddable":true,"href":"https:\/\/calmanelet.es\/es\/wp-json\/wp\/v2\/tags?post=287"}],"curies":[{"name":"wp","href":"https:\/\/api.w.org\/{rel}","templated":true}]}}