{"id":397,"date":"2021-02-09T15:51:58","date_gmt":"2021-02-09T15:51:58","guid":{"rendered":"https:\/\/calmanelet.es\/?p=397"},"modified":"2023-08-04T15:28:19","modified_gmt":"2023-08-04T15:28:19","slug":"menjar-cargols-llauna-canyelles","status":"publish","type":"post","link":"https:\/\/calmanelet.es\/es\/menjar-cargols-llauna-canyelles\/","title":{"rendered":"Menjar cargols a la llauna a Canyelles"},"content":{"rendered":"<p>[et_pb_section fb_built=&#8221;1&#8243; _builder_version=&#8221;4.17.4&#8243; _module_preset=&#8221;default&#8221; background_image=&#8221;https:\/\/calmanelet.es\/wp-content\/uploads\/2021\/02\/caracoles-a-la-llauna.jpg&#8221; custom_padding=&#8221;84px||64px|||&#8221; global_colors_info=&#8221;{}&#8221; theme_builder_area=&#8221;post_content&#8221;][et_pb_row _builder_version=&#8221;4.16&#8243; _module_preset=&#8221;default&#8221; custom_margin=&#8221;-0.3%|auto|-0.3%|auto|true|false&#8221; global_colors_info=&#8221;{}&#8221; theme_builder_area=&#8221;post_content&#8221;][et_pb_column type=&#8221;4_4&#8243; _builder_version=&#8221;4.16&#8243; _module_preset=&#8221;default&#8221; global_colors_info=&#8221;{}&#8221; theme_builder_area=&#8221;post_content&#8221;][et_pb_text _builder_version=&#8221;4.17.4&#8243; _module_preset=&#8221;default&#8221; text_text_color=&#8221;#FFFFFF&#8221; text_font_size=&#8221;24px&#8221; text_line_height=&#8221;1.9em&#8221; header_text_align=&#8221;center&#8221; header_text_color=&#8221;#FFFFFF&#8221; background_color=&#8221;rgba(0,0,0,0.36)&#8221; custom_padding=&#8221;1em|1em|1em|1em|true|true&#8221; text_font_size_tablet=&#8221;22px&#8221; text_font_size_phone=&#8221;20px&#8221; text_font_size_last_edited=&#8221;on|tablet&#8221; header_text_align_tablet=&#8221;center&#8221; header_text_align_phone=&#8221;&#8221; header_text_align_last_edited=&#8221;on|desktop&#8221; global_colors_info=&#8221;{}&#8221; theme_builder_area=&#8221;post_content&#8221;]<\/p>\n<div class=\"tw-ta-container F0azHf tw-nfl\" id=\"tw-target-text-container\" tabindex=\"0\">\n<p class=\"tw-data-text tw-text-large tw-ta\" data-placeholder=\"Traducci\u00f3n\" id=\"tw-target-text\" dir=\"ltr\" style=\"text-align: center;\"><span class=\"Y2IQFc\" lang=\"ca\">Si busques el lloc on menjar els millors cargols a la llauna a Canyelles visita el Restaurant Cal Manelet<\/span><\/p>\n<\/div>\n<p>&nbsp;<\/p>\n<p>[\/et_pb_text][et_pb_button button_url=&#8221;@ET-DC@eyJkeW5hbWljIjp0cnVlLCJjb250ZW50IjoicG9zdF9saW5rX3VybF9wYWdlIiwic2V0dGluZ3MiOnsicG9zdF9pZCI6IjIifX0=@&#8221; button_text=&#8221;Reserva tu mesa&#8221; button_alignment=&#8221;center&#8221; _builder_version=&#8221;4.16&#8243; _dynamic_attributes=&#8221;button_url&#8221; _module_preset=&#8221;default&#8221; custom_button=&#8221;on&#8221; button_text_color=&#8221;#FFFFFF&#8221; button_bg_color=&#8221;#000000&#8243; button_border_width=&#8221;0px&#8221; global_colors_info=&#8221;{}&#8221; theme_builder_area=&#8221;post_content&#8221;][\/et_pb_button][\/et_pb_column][\/et_pb_row][\/et_pb_section][et_pb_section fb_built=&#8221;1&#8243; _builder_version=&#8221;4.16&#8243; _module_preset=&#8221;default&#8221; global_colors_info=&#8221;{}&#8221; theme_builder_area=&#8221;post_content&#8221;][et_pb_row column_structure=&#8221;1_2,1_2&#8243; _builder_version=&#8221;4.16&#8243; _module_preset=&#8221;default&#8221; width=&#8221;90%&#8221; max_width=&#8221;1400px&#8221; module_alignment=&#8221;center&#8221; global_colors_info=&#8221;{}&#8221; theme_builder_area=&#8221;post_content&#8221;][et_pb_column type=&#8221;1_2&#8243; _builder_version=&#8221;4.16&#8243; _module_preset=&#8221;default&#8221; global_colors_info=&#8221;{}&#8221; theme_builder_area=&#8221;post_content&#8221;][et_pb_text _builder_version=&#8221;4.17.4&#8243; _module_preset=&#8221;default&#8221; text_font_size=&#8221;16px&#8221; hover_enabled=&#8221;0&#8243; global_colors_info=&#8221;{}&#8221; theme_builder_area=&#8221;post_content&#8221; sticky_enabled=&#8221;0&#8243;]<\/p>\n<h2><strong>Experts en cargols a la llauna a Canyelles<\/strong><\/h2>\n<p>Els cargols a la llauna a Canyelles, s\u00f3n un dels plats t\u00edpics de la cuina catalana, amb clares influ\u00e8ncies de la gastronomia francesa. Els cargols es cuinen col\u00b7locats en una safata de llauna d&#8217;aqu\u00ed el nom <strong><a href=\"https:\/\/calmanelet.es\/cargols-a-la-llauna-vilanova-i-la-geltru\/\">cargols a la llauna<\/a><\/strong> (que es tradueix \u201ca la llauna\u201d). La llauna es col\u00b7loca al forn amb els cargols condimentats i, segons recepta, amb salsa picant.<\/p>\n<p>Si busques un restaurant a Canyelles per menjar aquest plat exquisit de la gastronomia catalana has de visitar Can Manelet.<\/p>\n<p>[\/et_pb_text][et_pb_cta title=&#8221;Vols tastar els aut\u00e8ntics Cargols a la llauna a Canyelles?&#8221; button_url=&#8221;tel:+34699544424&#8243; button_text=&#8221;\u00a1Truca&#8217;ns!&#8221; _builder_version=&#8221;4.17.4&#8243; _module_preset=&#8221;default&#8221; background_color=&#8221;#000000&#8243; global_colors_info=&#8221;{}&#8221; theme_builder_area=&#8221;post_content&#8221;]<\/p>\n<div class=\"tw-ta-container F0azHf tw-nfl\" id=\"tw-target-text-container\" tabindex=\"0\">\n<p class=\"tw-data-text tw-text-large tw-ta\" data-placeholder=\"Traducci\u00f3n\" id=\"tw-target-text\" dir=\"ltr\"><span class=\"Y2IQFc\" lang=\"ca\">Estarem encantats d&#8217;atendre&#8217;t i oferir-te el millor de la gastronomia catalana, carns a la brasa, cal\u00e7otades i tamb\u00e9 tenim men\u00fas diaris<\/span><\/p>\n<\/div>\n<p>[\/et_pb_cta][\/et_pb_column][et_pb_column type=&#8221;1_2&#8243; _builder_version=&#8221;4.16&#8243; _module_preset=&#8221;default&#8221; global_colors_info=&#8221;{}&#8221; theme_builder_area=&#8221;post_content&#8221;][et_pb_text _builder_version=&#8221;4.17.4&#8243; _module_preset=&#8221;default&#8221; text_font=&#8221;|600|||||||&#8221; text_text_color=&#8221;#66110e&#8221; custom_margin=&#8221;0px||0px||false|false&#8221; custom_padding=&#8221;0px||0px||false|false&#8221; global_colors_info=&#8221;{}&#8221; theme_builder_area=&#8221;post_content&#8221;]<\/p>\n<div class=\"tw-ta-container F0azHf tw-nfl\" id=\"tw-target-text-container\" tabindex=\"0\">\n<p class=\"tw-data-text tw-text-large tw-ta\" data-placeholder=\"Traducci\u00f3n\" id=\"tw-target-text\" dir=\"ltr\"><span class=\"Y2IQFc\" lang=\"ca\">Cargols a la llauna a Cal Manelet a Canyelles, Barcelona<\/span><\/p>\n<\/div>\n<p>[\/et_pb_text][et_pb_code _builder_version=&#8221;4.17.4&#8243; _module_preset=&#8221;default&#8221; custom_margin=&#8221;||0px||false|false&#8221; custom_padding=&#8221;||0px|||&#8221; global_colors_info=&#8221;{}&#8221; theme_builder_area=&#8221;post_content&#8221;]<iframe loading=\"lazy\" src=\"https:\/\/www.facebook.com\/plugins\/video.php?height=314&#038;href=https%3A%2F%2Fwww.facebook.com%2Fcanmanelet1992%2Fvideos%2F212366736606636%2F&#038;show_text=false&#038;width=560\" width=\"560\" height=\"314\" style=\"border:none;overflow:hidden\" scrolling=\"no\" frameborder=\"0\" allowfullscreen=\"true\" allow=\"autoplay; clipboard-write; encrypted-media; picture-in-picture; web-share\" allowFullScreen=\"true\"><\/iframe>[\/et_pb_code][et_pb_text _builder_version=&#8221;4.17.4&#8243; _module_preset=&#8221;default&#8221; text_font_size=&#8221;16px&#8221; hover_enabled=&#8221;0&#8243; global_colors_info=&#8221;{}&#8221; theme_builder_area=&#8221;post_content&#8221; sticky_enabled=&#8221;0&#8243; locked=&#8221;off&#8221;]<\/p>\n<p>&nbsp;<\/p>\n<p>No hi ha millor lloc per menjar cargols a la llauna a Canyelles que al nostre restaurant Cal Manelet! Una deliciosa especialitat catalana que captivar\u00e0 les papil\u00b7les gustatives amb el sabor tradicional i reconfortant. Acompanyats d&#8217;una copa de vi local i envoltats del bell paisatge de Canyelles, gaudiran d&#8217;una experi\u00e8ncia gastron\u00f2mica \u00fanica que voldran repetir una vegada i una altra. Els esperem per compartir aquesta del\u00edcia culin\u00e0ria al nostre acollidor restaurant!<\/p>\n<p>[\/et_pb_text][\/et_pb_column][\/et_pb_row][et_pb_row column_structure=&#8221;1_2,1_2&#8243; _builder_version=&#8221;4.17.4&#8243; _module_preset=&#8221;default&#8221; width=&#8221;90%&#8221; max_width=&#8221;1400px&#8221; module_alignment=&#8221;center&#8221; global_colors_info=&#8221;{}&#8221; theme_builder_area=&#8221;post_content&#8221;][et_pb_column type=&#8221;1_2&#8243; _builder_version=&#8221;4.16&#8243; _module_preset=&#8221;default&#8221; global_colors_info=&#8221;{}&#8221; theme_builder_area=&#8221;post_content&#8221;][et_pb_text _builder_version=&#8221;4.17.4&#8243; _module_preset=&#8221;default&#8221; text_font_size=&#8221;16px&#8221; hover_enabled=&#8221;0&#8243; global_colors_info=&#8221;{}&#8221; theme_builder_area=&#8221;post_content&#8221; sticky_enabled=&#8221;0&#8243;]<\/p>\n<h2><strong>No et conformis amb imitacions prova els aut\u00e8ntics cargols a la llauna a la prov\u00edncia de Barcelona<\/strong><\/h2>\n<p>Molts restaurants diuen que serveixen cargols a la llauna encara que, adaptant-se a les cuines actuals, en lloc de fer-los com estan m\u00e9s rics i \u00e9s t\u00edpic: a la brasa, els fan al forn. Tots sabem que no \u00e9s mai el mateix sabor quan enfornem alguna cosa que quan es fa a la brasa. Per aix\u00f2 has de venir a menjar cargols a la llauna a Canyelles.<\/p>\n<p>Al Cal Manelet preparem els cargols a la llauna a Canyelles de la manera m\u00e9s aut\u00e8ntica a la brasa d&#8217;un foc de llenya per donar el sabor inimitable de la cuina a la brasa. Els millors cargols de proximitat arriben al nostre restaurant de Canyelles per crear un plat sabor\u00f3s que servim amb d\u00e8cades d&#8217;experi\u00e8ncia per aconseguir preparar-lo a la perfecci\u00f3 una vegada i una altra.<\/p>\n<p>&nbsp;<\/p>\n<p>[\/et_pb_text][\/et_pb_column][et_pb_column type=&#8221;1_2&#8243; _builder_version=&#8221;4.16&#8243; _module_preset=&#8221;default&#8221; global_colors_info=&#8221;{}&#8221; theme_builder_area=&#8221;post_content&#8221;][et_pb_text _builder_version=&#8221;4.17.4&#8243; _module_preset=&#8221;default&#8221; text_font=&#8221;|600|||||||&#8221; text_text_color=&#8221;#66110e&#8221; custom_margin=&#8221;0px||0px||false|false&#8221; custom_padding=&#8221;0px||0px||false|false&#8221; global_colors_info=&#8221;{}&#8221; theme_builder_area=&#8221;post_content&#8221;]<\/p>\n<p>Cargols a la llauna a la brasa a Cal Manelet a Canyelles, Barcelona<\/p>\n<p>[\/et_pb_text][et_pb_code _builder_version=&#8221;4.17.4&#8243; _module_preset=&#8221;default&#8221; global_colors_info=&#8221;{}&#8221; theme_builder_area=&#8221;post_content&#8221;]<iframe loading=\"lazy\" src=\"https:\/\/www.facebook.com\/plugins\/video.php?height=314&#038;href=https%3A%2F%2Fwww.facebook.com%2Fcanmanelet1992%2Fvideos%2F3367648093286521%2F&#038;show_text=false&#038;width=560\" width=\"560\" height=\"314\" style=\"border:none;overflow:hidden\" scrolling=\"no\" frameborder=\"0\" allowfullscreen=\"true\" allow=\"autoplay; clipboard-write; encrypted-media; picture-in-picture; web-share\" allowFullScreen=\"true\"><\/iframe>[\/et_pb_code][\/et_pb_column][\/et_pb_row][et_pb_row column_structure=&#8221;1_2,1_2&#8243; _builder_version=&#8221;4.16&#8243; _module_preset=&#8221;default&#8221; width=&#8221;90%&#8221; max_width=&#8221;1400px&#8221; module_alignment=&#8221;center&#8221; global_colors_info=&#8221;{}&#8221; theme_builder_area=&#8221;post_content&#8221;][et_pb_column type=&#8221;1_2&#8243; _builder_version=&#8221;4.16&#8243; _module_preset=&#8221;default&#8221; global_colors_info=&#8221;{}&#8221; theme_builder_area=&#8221;post_content&#8221;][et_pb_image src=&#8221;https:\/\/calmanelet.es\/wp-content\/uploads\/2021\/02\/caracoles-a-la-llauna.jpg&#8221; alt=&#8221;Cargols a la llauna a Canyelles&#8221; title_text=&#8221;Cargols a la llauna a Canyelles&#8221; align=&#8221;center&#8221; force_fullwidth=&#8221;on&#8221; _builder_version=&#8221;4.17.4&#8243; _module_preset=&#8221;default&#8221; global_colors_info=&#8221;{}&#8221; theme_builder_area=&#8221;post_content&#8221;][\/et_pb_image][\/et_pb_column][et_pb_column type=&#8221;1_2&#8243; _builder_version=&#8221;4.16&#8243; _module_preset=&#8221;default&#8221; global_colors_info=&#8221;{}&#8221; theme_builder_area=&#8221;post_content&#8221;][et_pb_text _builder_version=&#8221;4.17.4&#8243; _module_preset=&#8221;default&#8221; text_font_size=&#8221;16px&#8221; global_colors_info=&#8221;{}&#8221; theme_builder_area=&#8221;post_content&#8221;]<\/p>\n<h2><strong>Troba el millor del menjar tradicional a Canyelles<\/strong><\/h2>\n<p>La cuina de Cal Manelet no es limita als millors cargols, sin\u00f3 que fent bon \u00fas de les receptes de <strong><a href=\"https:\/\/calmanelet.es\/cuina-tradicional-catalana-canyelles\/\">cuina tradicional catalana<\/a><\/strong> casolana i els productes de temporada (cal\u00e7ots, bolets, carxofes, etc.), la carta de Cal Manelet ofereix varietat de plats de peix i carn, elaborats a la brasa, al forn ia la llosa.<\/p>\n<p>Trobar\u00e0s a la nostra carta esquena de xai al forn, xat\u00f3, Bull de tonyna, arrossos i paelles fetes sobre la brasa i <strong><a href=\"https:\/\/calmanelet.es\/menu-diari-a-vilanova-i-la-geltru\/\">men\u00fas del dia<\/a><\/strong> que ofereixen molt bona relaci\u00f3 qualitat preu.<\/p>\n<p>[\/et_pb_text][et_pb_cta title=&#8221;Vols tastar la cuina catalana casolana a Canyelles?&#8221; button_url=&#8221;tel:+34699544424&#8243; button_text=&#8221;\u00a1Truca&#8217;ns!&#8221; _builder_version=&#8221;4.17.4&#8243; _module_preset=&#8221;default&#8221; background_color=&#8221;#000000&#8243; global_colors_info=&#8221;{}&#8221; theme_builder_area=&#8221;post_content&#8221;]<\/p>\n<div class=\"tw-ta-container F0azHf tw-nfl\" id=\"tw-target-text-container\" tabindex=\"0\">\n<p class=\"tw-data-text tw-text-large tw-ta\" data-placeholder=\"Traducci\u00f3n\" id=\"tw-target-text\" dir=\"ltr\"><span class=\"Y2IQFc\" lang=\"ca\">T&#8217;oferim el millor de la gastronomia catalana, carns a la brasa, cal\u00e7otades i tenim tamb\u00e9 men\u00fas diaris<\/span><\/p>\n<\/div>\n<p>[\/et_pb_cta][\/et_pb_column][\/et_pb_row][et_pb_row column_structure=&#8221;1_2,1_2&#8243; _builder_version=&#8221;4.17.4&#8243; _module_preset=&#8221;default&#8221; max_width=&#8221;75%&#8221; global_colors_info=&#8221;{}&#8221; theme_builder_area=&#8221;post_content&#8221;][et_pb_column type=&#8221;1_2&#8243; _builder_version=&#8221;4.17.4&#8243; _module_preset=&#8221;default&#8221; global_colors_info=&#8221;{}&#8221; theme_builder_area=&#8221;post_content&#8221;][et_pb_image src=&#8221;https:\/\/calmanelet.es\/wp-content\/uploads\/2023\/03\/caracoles-llauna.jpg&#8221; alt=&#8221;Cargols a la llauna a Canyelles&#8221; title_text=&#8221;Cargols a la llauna a Canyelles&#8221; _builder_version=&#8221;4.17.4&#8243; _module_preset=&#8221;default&#8221; global_colors_info=&#8221;{}&#8221; theme_builder_area=&#8221;post_content&#8221;][\/et_pb_image][\/et_pb_column][et_pb_column type=&#8221;1_2&#8243; _builder_version=&#8221;4.17.4&#8243; _module_preset=&#8221;default&#8221; global_colors_info=&#8221;{}&#8221; theme_builder_area=&#8221;post_content&#8221;][et_pb_image src=&#8221;https:\/\/calmanelet.es\/wp-content\/uploads\/2023\/03\/cargols-llauna.jpg&#8221; alt=&#8221;Cargols a la llauna a Canyelles&#8221; title_text=&#8221;Cargols a la llauna a Canyelles&#8221; _builder_version=&#8221;4.17.4&#8243; _module_preset=&#8221;default&#8221; hover_enabled=&#8221;0&#8243; global_colors_info=&#8221;{}&#8221; theme_builder_area=&#8221;post_content&#8221; sticky_enabled=&#8221;0&#8243;][\/et_pb_image][\/et_pb_column][\/et_pb_row][\/et_pb_section]<\/p>","protected":false},"excerpt":{"rendered":"<p>Si busques el lloc on menjar els millors cargols a la llauna a Canyelles visita el Restaurant Cal Manelet &nbsp;Experts en cargols a la llauna a Canyelles Els cargols a la llauna a Canyelles, s\u00f3n un dels plats t\u00edpics de la cuina catalana, amb clares influ\u00e8ncies de la gastronomia francesa. Els cargols es cuinen col\u00b7locats [&hellip;]<\/p>","protected":false},"author":1,"featured_media":400,"comment_status":"open","ping_status":"open","sticky":false,"template":"","format":"standard","meta":{"_et_pb_use_builder":"on","_et_pb_old_content":"","_et_gb_content_width":"","footnotes":""},"categories":[1],"tags":[],"class_list":["post-397","post","type-post","status-publish","format-standard","has-post-thumbnail","hentry","category-sin-categoria"],"yoast_head":"<!-- This site is optimized with the Yoast SEO plugin v27.0 - https:\/\/yoast.com\/product\/yoast-seo-wordpress\/ -->\n<title>Menjar cargols a la llauna a Canyelles<\/title>\n<meta name=\"description\" content=\"Vine a Cal Manelet on menjar els millors cargols a la llauna a Canyelles. Els nostres deliciosos cargols us encantaran.\" \/>\n<meta name=\"robots\" content=\"index, follow, max-snippet:-1, max-image-preview:large, max-video-preview:-1\" \/>\n<link rel=\"canonical\" href=\"https:\/\/calmanelet.es\/es\/menjar-cargols-llauna-canyelles\/\" \/>\n<meta property=\"og:locale\" content=\"es_ES\" \/>\n<meta property=\"og:type\" content=\"article\" \/>\n<meta property=\"og:title\" content=\"Menjar cargols a la llauna a Canyelles\" \/>\n<meta property=\"og:description\" content=\"Vine a Cal Manelet on menjar els millors cargols a la llauna a Canyelles. Els nostres deliciosos cargols us encantaran.\" \/>\n<meta property=\"og:url\" content=\"https:\/\/calmanelet.es\/es\/menjar-cargols-llauna-canyelles\/\" \/>\n<meta property=\"og:site_name\" content=\"Cal Manelet Restaurant\" \/>\n<meta property=\"article:published_time\" content=\"2021-02-09T15:51:58+00:00\" \/>\n<meta property=\"article:modified_time\" content=\"2023-08-04T15:28:19+00:00\" \/>\n<meta property=\"og:image\" content=\"https:\/\/calmanelet.es\/wp-content\/uploads\/2021\/02\/caracoles-a-la-llauna.jpg\" \/>\n\t<meta property=\"og:image:width\" content=\"1440\" \/>\n\t<meta property=\"og:image:height\" content=\"1080\" \/>\n\t<meta property=\"og:image:type\" content=\"image\/jpeg\" \/>\n<meta name=\"author\" content=\"digitalme\" \/>\n<meta name=\"twitter:card\" content=\"summary_large_image\" \/>\n<meta name=\"twitter:label1\" content=\"Escrito por\" \/>\n\t<meta name=\"twitter:data1\" content=\"digitalme\" \/>\n\t<meta name=\"twitter:label2\" content=\"Tiempo de lectura\" \/>\n\t<meta name=\"twitter:data2\" content=\"4 minutos\" \/>\n<script type=\"application\/ld+json\" class=\"yoast-schema-graph\">{\"@context\":\"https:\/\/schema.org\",\"@graph\":[{\"@type\":\"Article\",\"@id\":\"https:\/\/calmanelet.es\/menjar-cargols-llauna-canyelles\/#article\",\"isPartOf\":{\"@id\":\"https:\/\/calmanelet.es\/menjar-cargols-llauna-canyelles\/\"},\"author\":{\"name\":\"digitalme\",\"@id\":\"https:\/\/calmanelet.es\/#\/schema\/person\/363bcafe2b8f0568c1ecea80361582ef\"},\"headline\":\"Menjar cargols a la llauna a Canyelles\",\"datePublished\":\"2021-02-09T15:51:58+00:00\",\"dateModified\":\"2023-08-04T15:28:19+00:00\",\"mainEntityOfPage\":{\"@id\":\"https:\/\/calmanelet.es\/menjar-cargols-llauna-canyelles\/\"},\"wordCount\":1484,\"commentCount\":0,\"image\":{\"@id\":\"https:\/\/calmanelet.es\/menjar-cargols-llauna-canyelles\/#primaryimage\"},\"thumbnailUrl\":\"https:\/\/calmanelet.es\/wp-content\/uploads\/2021\/02\/caracoles-a-la-llauna.jpg\",\"inLanguage\":\"es\",\"potentialAction\":[{\"@type\":\"CommentAction\",\"name\":\"Comment\",\"target\":[\"https:\/\/calmanelet.es\/menjar-cargols-llauna-canyelles\/#respond\"]}]},{\"@type\":\"WebPage\",\"@id\":\"https:\/\/calmanelet.es\/menjar-cargols-llauna-canyelles\/\",\"url\":\"https:\/\/calmanelet.es\/menjar-cargols-llauna-canyelles\/\",\"name\":\"Menjar cargols a la llauna a Canyelles\",\"isPartOf\":{\"@id\":\"https:\/\/calmanelet.es\/#website\"},\"primaryImageOfPage\":{\"@id\":\"https:\/\/calmanelet.es\/menjar-cargols-llauna-canyelles\/#primaryimage\"},\"image\":{\"@id\":\"https:\/\/calmanelet.es\/menjar-cargols-llauna-canyelles\/#primaryimage\"},\"thumbnailUrl\":\"https:\/\/calmanelet.es\/wp-content\/uploads\/2021\/02\/caracoles-a-la-llauna.jpg\",\"datePublished\":\"2021-02-09T15:51:58+00:00\",\"dateModified\":\"2023-08-04T15:28:19+00:00\",\"author\":{\"@id\":\"https:\/\/calmanelet.es\/#\/schema\/person\/363bcafe2b8f0568c1ecea80361582ef\"},\"description\":\"Vine a Cal Manelet on menjar els millors cargols a la llauna a Canyelles. Els nostres deliciosos cargols us encantaran.\",\"breadcrumb\":{\"@id\":\"https:\/\/calmanelet.es\/menjar-cargols-llauna-canyelles\/#breadcrumb\"},\"inLanguage\":\"es\",\"potentialAction\":[{\"@type\":\"ReadAction\",\"target\":[\"https:\/\/calmanelet.es\/menjar-cargols-llauna-canyelles\/\"]}]},{\"@type\":\"ImageObject\",\"inLanguage\":\"es\",\"@id\":\"https:\/\/calmanelet.es\/menjar-cargols-llauna-canyelles\/#primaryimage\",\"url\":\"https:\/\/calmanelet.es\/wp-content\/uploads\/2021\/02\/caracoles-a-la-llauna.jpg\",\"contentUrl\":\"https:\/\/calmanelet.es\/wp-content\/uploads\/2021\/02\/caracoles-a-la-llauna.jpg\",\"width\":1440,\"height\":1080,\"caption\":\"caracoles a la llauna en Vilanova i la geltr\u00fa Canyelles\"},{\"@type\":\"BreadcrumbList\",\"@id\":\"https:\/\/calmanelet.es\/menjar-cargols-llauna-canyelles\/#breadcrumb\",\"itemListElement\":[{\"@type\":\"ListItem\",\"position\":1,\"name\":\"Portada\",\"item\":\"https:\/\/calmanelet.es\/\"},{\"@type\":\"ListItem\",\"position\":2,\"name\":\"Menjar cargols a la llauna a Canyelles\"}]},{\"@type\":\"WebSite\",\"@id\":\"https:\/\/calmanelet.es\/#website\",\"url\":\"https:\/\/calmanelet.es\/\",\"name\":\"Cal Manelet Restaurant\",\"description\":\"Restaurant a Canyelles\",\"potentialAction\":[{\"@type\":\"SearchAction\",\"target\":{\"@type\":\"EntryPoint\",\"urlTemplate\":\"https:\/\/calmanelet.es\/?s={search_term_string}\"},\"query-input\":{\"@type\":\"PropertyValueSpecification\",\"valueRequired\":true,\"valueName\":\"search_term_string\"}}],\"inLanguage\":\"es\"},{\"@type\":\"Person\",\"@id\":\"https:\/\/calmanelet.es\/#\/schema\/person\/363bcafe2b8f0568c1ecea80361582ef\",\"name\":\"digitalme\",\"image\":{\"@type\":\"ImageObject\",\"inLanguage\":\"es\",\"@id\":\"https:\/\/calmanelet.es\/#\/schema\/person\/image\/\",\"url\":\"https:\/\/secure.gravatar.com\/avatar\/70050c41d678b2b3e9b2ef8ad47c2fd4562a978dd6c4f3ec09c2816212aa5d15?s=96&d=mm&r=g\",\"contentUrl\":\"https:\/\/secure.gravatar.com\/avatar\/70050c41d678b2b3e9b2ef8ad47c2fd4562a978dd6c4f3ec09c2816212aa5d15?s=96&d=mm&r=g\",\"caption\":\"digitalme\"},\"sameAs\":[\"https:\/\/calmanelet.es\"],\"url\":\"https:\/\/calmanelet.es\/es\/author\/digitalme\/\"}]}<\/script>\n<!-- \/ Yoast SEO plugin. -->","yoast_head_json":{"title":"Menjar cargols a la llauna a Canyelles","description":"Vine a Cal Manelet on menjar els millors cargols a la llauna a Canyelles. Els nostres deliciosos cargols us encantaran.","robots":{"index":"index","follow":"follow","max-snippet":"max-snippet:-1","max-image-preview":"max-image-preview:large","max-video-preview":"max-video-preview:-1"},"canonical":"https:\/\/calmanelet.es\/es\/menjar-cargols-llauna-canyelles\/","og_locale":"es_ES","og_type":"article","og_title":"Menjar cargols a la llauna a Canyelles","og_description":"Vine a Cal Manelet on menjar els millors cargols a la llauna a Canyelles. Els nostres deliciosos cargols us encantaran.","og_url":"https:\/\/calmanelet.es\/es\/menjar-cargols-llauna-canyelles\/","og_site_name":"Cal Manelet Restaurant","article_published_time":"2021-02-09T15:51:58+00:00","article_modified_time":"2023-08-04T15:28:19+00:00","og_image":[{"width":1440,"height":1080,"url":"https:\/\/calmanelet.es\/wp-content\/uploads\/2021\/02\/caracoles-a-la-llauna.jpg","type":"image\/jpeg"}],"author":"digitalme","twitter_card":"summary_large_image","twitter_misc":{"Escrito por":"digitalme","Tiempo de lectura":"4 minutos"},"schema":{"@context":"https:\/\/schema.org","@graph":[{"@type":"Article","@id":"https:\/\/calmanelet.es\/menjar-cargols-llauna-canyelles\/#article","isPartOf":{"@id":"https:\/\/calmanelet.es\/menjar-cargols-llauna-canyelles\/"},"author":{"name":"digitalme","@id":"https:\/\/calmanelet.es\/#\/schema\/person\/363bcafe2b8f0568c1ecea80361582ef"},"headline":"Menjar cargols a la llauna a Canyelles","datePublished":"2021-02-09T15:51:58+00:00","dateModified":"2023-08-04T15:28:19+00:00","mainEntityOfPage":{"@id":"https:\/\/calmanelet.es\/menjar-cargols-llauna-canyelles\/"},"wordCount":1484,"commentCount":0,"image":{"@id":"https:\/\/calmanelet.es\/menjar-cargols-llauna-canyelles\/#primaryimage"},"thumbnailUrl":"https:\/\/calmanelet.es\/wp-content\/uploads\/2021\/02\/caracoles-a-la-llauna.jpg","inLanguage":"es","potentialAction":[{"@type":"CommentAction","name":"Comment","target":["https:\/\/calmanelet.es\/menjar-cargols-llauna-canyelles\/#respond"]}]},{"@type":"WebPage","@id":"https:\/\/calmanelet.es\/menjar-cargols-llauna-canyelles\/","url":"https:\/\/calmanelet.es\/menjar-cargols-llauna-canyelles\/","name":"Menjar cargols a la llauna a Canyelles","isPartOf":{"@id":"https:\/\/calmanelet.es\/#website"},"primaryImageOfPage":{"@id":"https:\/\/calmanelet.es\/menjar-cargols-llauna-canyelles\/#primaryimage"},"image":{"@id":"https:\/\/calmanelet.es\/menjar-cargols-llauna-canyelles\/#primaryimage"},"thumbnailUrl":"https:\/\/calmanelet.es\/wp-content\/uploads\/2021\/02\/caracoles-a-la-llauna.jpg","datePublished":"2021-02-09T15:51:58+00:00","dateModified":"2023-08-04T15:28:19+00:00","author":{"@id":"https:\/\/calmanelet.es\/#\/schema\/person\/363bcafe2b8f0568c1ecea80361582ef"},"description":"Vine a Cal Manelet on menjar els millors cargols a la llauna a Canyelles. Els nostres deliciosos cargols us encantaran.","breadcrumb":{"@id":"https:\/\/calmanelet.es\/menjar-cargols-llauna-canyelles\/#breadcrumb"},"inLanguage":"es","potentialAction":[{"@type":"ReadAction","target":["https:\/\/calmanelet.es\/menjar-cargols-llauna-canyelles\/"]}]},{"@type":"ImageObject","inLanguage":"es","@id":"https:\/\/calmanelet.es\/menjar-cargols-llauna-canyelles\/#primaryimage","url":"https:\/\/calmanelet.es\/wp-content\/uploads\/2021\/02\/caracoles-a-la-llauna.jpg","contentUrl":"https:\/\/calmanelet.es\/wp-content\/uploads\/2021\/02\/caracoles-a-la-llauna.jpg","width":1440,"height":1080,"caption":"caracoles a la llauna en Vilanova i la geltr\u00fa Canyelles"},{"@type":"BreadcrumbList","@id":"https:\/\/calmanelet.es\/menjar-cargols-llauna-canyelles\/#breadcrumb","itemListElement":[{"@type":"ListItem","position":1,"name":"Portada","item":"https:\/\/calmanelet.es\/"},{"@type":"ListItem","position":2,"name":"Menjar cargols a la llauna a Canyelles"}]},{"@type":"WebSite","@id":"https:\/\/calmanelet.es\/#website","url":"https:\/\/calmanelet.es\/","name":"Cal Manelet Restaurant","description":"Restaurante en Canyelles","potentialAction":[{"@type":"SearchAction","target":{"@type":"EntryPoint","urlTemplate":"https:\/\/calmanelet.es\/?s={search_term_string}"},"query-input":{"@type":"PropertyValueSpecification","valueRequired":true,"valueName":"search_term_string"}}],"inLanguage":"es"},{"@type":"Person","@id":"https:\/\/calmanelet.es\/#\/schema\/person\/363bcafe2b8f0568c1ecea80361582ef","name":"digitalme","image":{"@type":"ImageObject","inLanguage":"es","@id":"https:\/\/calmanelet.es\/#\/schema\/person\/image\/","url":"https:\/\/secure.gravatar.com\/avatar\/70050c41d678b2b3e9b2ef8ad47c2fd4562a978dd6c4f3ec09c2816212aa5d15?s=96&d=mm&r=g","contentUrl":"https:\/\/secure.gravatar.com\/avatar\/70050c41d678b2b3e9b2ef8ad47c2fd4562a978dd6c4f3ec09c2816212aa5d15?s=96&d=mm&r=g","caption":"digitalme"},"sameAs":["https:\/\/calmanelet.es"],"url":"https:\/\/calmanelet.es\/es\/author\/digitalme\/"}]}},"_links":{"self":[{"href":"https:\/\/calmanelet.es\/es\/wp-json\/wp\/v2\/posts\/397","targetHints":{"allow":["GET"]}}],"collection":[{"href":"https:\/\/calmanelet.es\/es\/wp-json\/wp\/v2\/posts"}],"about":[{"href":"https:\/\/calmanelet.es\/es\/wp-json\/wp\/v2\/types\/post"}],"author":[{"embeddable":true,"href":"https:\/\/calmanelet.es\/es\/wp-json\/wp\/v2\/users\/1"}],"replies":[{"embeddable":true,"href":"https:\/\/calmanelet.es\/es\/wp-json\/wp\/v2\/comments?post=397"}],"version-history":[{"count":22,"href":"https:\/\/calmanelet.es\/es\/wp-json\/wp\/v2\/posts\/397\/revisions"}],"predecessor-version":[{"id":1101,"href":"https:\/\/calmanelet.es\/es\/wp-json\/wp\/v2\/posts\/397\/revisions\/1101"}],"wp:featuredmedia":[{"embeddable":true,"href":"https:\/\/calmanelet.es\/es\/wp-json\/wp\/v2\/media\/400"}],"wp:attachment":[{"href":"https:\/\/calmanelet.es\/es\/wp-json\/wp\/v2\/media?parent=397"}],"wp:term":[{"taxonomy":"category","embeddable":true,"href":"https:\/\/calmanelet.es\/es\/wp-json\/wp\/v2\/categories?post=397"},{"taxonomy":"post_tag","embeddable":true,"href":"https:\/\/calmanelet.es\/es\/wp-json\/wp\/v2\/tags?post=397"}],"curies":[{"name":"wp","href":"https:\/\/api.w.org\/{rel}","templated":true}]}}