{"id":428,"date":"2021-02-09T18:03:22","date_gmt":"2021-02-09T18:03:22","guid":{"rendered":"https:\/\/calmanelet.es\/?p=428"},"modified":"2023-08-04T15:43:58","modified_gmt":"2023-08-04T15:43:58","slug":"carns-brasa-vilanova-geltru","status":"publish","type":"post","link":"https:\/\/calmanelet.es\/es\/carns-brasa-vilanova-geltru\/","title":{"rendered":"Carnes a la brasa en Vilanova y la Geltr\u00fa"},"content":{"rendered":"<p>[et_pb_section fb_built=&#8221;1&#8243; _builder_version=&#8221;4.17.4&#8243; _module_preset=&#8221;default&#8221; background_image=&#8221;https:\/\/calmanelet.es\/wp-content\/uploads\/2021\/02\/carnes-brasa-vilanova-geltru.jpg&#8221; parallax=&#8221;on&#8221; custom_padding=&#8221;84px||64px|||&#8221; global_colors_info=&#8221;{}&#8221; theme_builder_area=&#8221;post_content&#8221;][et_pb_row _builder_version=&#8221;4.16&#8243; _module_preset=&#8221;default&#8221; custom_margin=&#8221;-0.3%|auto|-0.3%|auto|true|false&#8221; global_colors_info=&#8221;{}&#8221; theme_builder_area=&#8221;post_content&#8221;][et_pb_column type=&#8221;4_4&#8243; _builder_version=&#8221;4.16&#8243; _module_preset=&#8221;default&#8221; global_colors_info=&#8221;{}&#8221; theme_builder_area=&#8221;post_content&#8221;][et_pb_text _builder_version=&#8221;4.17.4&#8243; _module_preset=&#8221;default&#8221; text_text_color=&#8221;#FFFFFF&#8221; text_font_size=&#8221;24px&#8221; text_line_height=&#8221;1.9em&#8221; header_text_align=&#8221;center&#8221; header_text_color=&#8221;#FFFFFF&#8221; background_color=&#8221;rgba(0,0,0,0.36)&#8221; custom_padding=&#8221;1em|1em|1em|1em|true|true&#8221; text_font_size_tablet=&#8221;22px&#8221; text_font_size_phone=&#8221;20px&#8221; text_font_size_last_edited=&#8221;on|tablet&#8221; header_text_align_tablet=&#8221;center&#8221; header_text_align_phone=&#8221;&#8221; header_text_align_last_edited=&#8221;on|desktop&#8221; global_colors_info=&#8221;{}&#8221; theme_builder_area=&#8221;post_content&#8221;]<\/p>\n<p style=\"text-align: center;\">Si busques el lloc on menjar les millors carns a la brasa a Vilanova i la Geltr\u00fa visita el Restaurant Cal Manelet<\/p>\n<p>[\/et_pb_text][et_pb_button button_url=&#8221;@ET-DC@eyJkeW5hbWljIjp0cnVlLCJjb250ZW50IjoicG9zdF9saW5rX3VybF9wYWdlIiwic2V0dGluZ3MiOnsicG9zdF9pZCI6IjIifX0=@&#8221; button_text=&#8221;Reserva tu mesa&#8221; button_alignment=&#8221;center&#8221; _builder_version=&#8221;4.16&#8243; _dynamic_attributes=&#8221;button_url&#8221; _module_preset=&#8221;default&#8221; custom_button=&#8221;on&#8221; button_text_color=&#8221;#FFFFFF&#8221; button_bg_color=&#8221;#000000&#8243; button_border_width=&#8221;0px&#8221; global_colors_info=&#8221;{}&#8221; theme_builder_area=&#8221;post_content&#8221;][\/et_pb_button][\/et_pb_column][\/et_pb_row][\/et_pb_section][et_pb_section fb_built=&#8221;1&#8243; _builder_version=&#8221;4.16&#8243; _module_preset=&#8221;default&#8221; global_colors_info=&#8221;{}&#8221; theme_builder_area=&#8221;post_content&#8221;][et_pb_row column_structure=&#8221;1_2,1_2&#8243; _builder_version=&#8221;4.16&#8243; _module_preset=&#8221;default&#8221; width=&#8221;90%&#8221; max_width=&#8221;1400px&#8221; module_alignment=&#8221;center&#8221; global_colors_info=&#8221;{}&#8221; theme_builder_area=&#8221;post_content&#8221;][et_pb_column type=&#8221;1_2&#8243; _builder_version=&#8221;4.16&#8243; _module_preset=&#8221;default&#8221; global_colors_info=&#8221;{}&#8221; theme_builder_area=&#8221;post_content&#8221;][et_pb_text _builder_version=&#8221;4.17.4&#8243; _module_preset=&#8221;default&#8221; text_font_size=&#8221;16px&#8221; header_2_line_height=&#8221;1.4em&#8221; global_colors_info=&#8221;{}&#8221; theme_builder_area=&#8221;post_content&#8221;]<\/p>\n<h2><strong>Carns a la brasa a Vilanova i la Geltr\u00fa a Restaurant Cal Manelet<\/strong><\/h2>\n<p>A Cal Manelet ho hem apostat tot per crear una experi\u00e8ncia aut\u00e8ntica per als nostres clients a nom\u00e9s 15 minuts del centre urb\u00e0 de Vilanova i la Geltr\u00fa a Canyelles.<\/p>\n<p>Des de la cuina fins a l&#8217;edifici del segle XVIII i la decoraci\u00f3 del nostre restaurant, tot ha estat dissenyat per fer-vos <strong>gaudir de l&#8217;experi\u00e8ncia de l&#8217;aut\u00e8ntic restaurant catal\u00e0<\/strong>. \u00d2bviament, tot comen\u00e7a per la nostra <strong>cuina amb brasa de llenya<\/strong> i <strong>l&#8217;experi\u00e8ncia del nostre xef i la passi\u00f3 per la gastronomia catalana<\/strong>!<\/p>\n<p>&nbsp;<\/p>\n<h3 style=\"text-align: center;\">Per aquestes raons si busques el millor restaurant on menjar carn a la brasa a Vilanova i la Geltr\u00fa has de visitar com a m\u00ednim una vegada Cal Manelet!<\/h3>\n<p>[\/et_pb_text][et_pb_button button_url=&#8221;@ET-DC@eyJkeW5hbWljIjp0cnVlLCJjb250ZW50IjoicG9zdF9saW5rX3VybF9wYWdlIiwic2V0dGluZ3MiOnsicG9zdF9pZCI6IjIifX0=@&#8221; button_text=&#8221;Ubicaci\u00f3 i contacte&#8221; button_alignment=&#8221;center&#8221; _builder_version=&#8221;4.17.4&#8243; _dynamic_attributes=&#8221;button_url&#8221; _module_preset=&#8221;default&#8221; custom_button=&#8221;on&#8221; button_text_color=&#8221;#FFFFFF&#8221; button_bg_color=&#8221;#000000&#8243; button_border_width=&#8221;0px&#8221; button_icon=&#8221;&#xe00b;||divi||400&#8243; global_colors_info=&#8221;{}&#8221; theme_builder_area=&#8221;post_content&#8221;][\/et_pb_button][\/et_pb_column][et_pb_column type=&#8221;1_2&#8243; _builder_version=&#8221;4.16&#8243; _module_preset=&#8221;default&#8221; global_colors_info=&#8221;{}&#8221; theme_builder_area=&#8221;post_content&#8221;][et_pb_code _builder_version=&#8221;4.16&#8243; _module_preset=&#8221;default&#8221; global_colors_info=&#8221;{}&#8221; theme_builder_area=&#8221;post_content&#8221;]<iframe loading=\"lazy\" src=\"https:\/\/www.facebook.com\/plugins\/video.php?height=314&#038;href=https%3A%2F%2Fwww.facebook.com%2Fcanmanelet1992%2Fvideos%2F1691781967643035%2F&#038;show_text=false&#038;width=560\" width=\"900\" height=\"314\" style=\"border:none;overflow:hidden\" scrolling=\"no\" frameborder=\"0\" allowfullscreen=\"true\" allow=\"autoplay; clipboard-write; encrypted-media; picture-in-picture; web-share\" allowFullScreen=\"true\"><\/iframe>[\/et_pb_code][\/et_pb_column][\/et_pb_row][et_pb_row column_structure=&#8221;1_2,1_2&#8243; _builder_version=&#8221;4.17.4&#8243; _module_preset=&#8221;default&#8221; width=&#8221;90%&#8221; max_width=&#8221;1400px&#8221; module_alignment=&#8221;center&#8221; global_colors_info=&#8221;{}&#8221; theme_builder_area=&#8221;post_content&#8221;][et_pb_column type=&#8221;1_2&#8243; _builder_version=&#8221;4.16&#8243; _module_preset=&#8221;default&#8221; global_colors_info=&#8221;{}&#8221; theme_builder_area=&#8221;post_content&#8221;][et_pb_text _builder_version=&#8221;4.17.4&#8243; _module_preset=&#8221;default&#8221; text_font_size=&#8221;16px&#8221; global_colors_info=&#8221;{}&#8221; theme_builder_area=&#8221;post_content&#8221;]<\/p>\n<h2><strong>Carns a la brasa a Vilanova i la Geltr\u00fa i cuina casolana tradicional catalana<\/strong><\/h2>\n<p>Sempre intentem ser fidels a la <a href=\"https:\/\/calmanelet.es\/cuina-tradicional-catalana-canyelles\/\"><strong>cuina tradicional catalana<\/strong><\/a>, una tasca no tan senzilla com pot semblar. Per aconseguir-ho hem aprofitat sempre les millors receptes, les <strong><a href=\"https:\/\/calmanelet.es\/carns-brasa-vilanova-geltru\/\">carns a la brasa<\/a><\/strong> ofertes pels millors prove\u00efdors de proximitat i productes de temporada frescos per a les guarnicions.<\/p>\n<p>Quan parlem de carns la brasa aporta el sabor \u00fanic del valor noble de la llenya: textura i sucositat \u00faniques a tots els productes. Tamb\u00e9 preparem els famosos <strong><a href=\"https:\/\/calmanelet.es\/cargols-a-la-llauna-vilanova-i-la-geltru\/\">cargols a la llauna<\/a><\/strong>, paelles i cal\u00e7ots sobre les brases.<\/p>\n<p>[\/et_pb_text][et_pb_cta title=&#8221;Vols tastar les millors carns a Vilanova i la Geltr\u00fa?&#8221; button_url=&#8221;tel:+34699544424&#8243; button_text=&#8221;\u00a1Truca&#8217;ns!&#8221; _builder_version=&#8221;4.17.4&#8243; _module_preset=&#8221;default&#8221; background_color=&#8221;#000000&#8243; global_colors_info=&#8221;{}&#8221; theme_builder_area=&#8221;post_content&#8221;]<\/p>\n<p>Estarem encantats d&#8217;atendre&#8217;t i oferir-te el millor de la gastronomia catalana, cargols a la llauna, cal\u00e7otades i tamb\u00e9 tenim men\u00fas diaris<\/p>\n<p>[\/et_pb_cta][\/et_pb_column][et_pb_column type=&#8221;1_2&#8243; _builder_version=&#8221;4.16&#8243; _module_preset=&#8221;default&#8221; global_colors_info=&#8221;{}&#8221; theme_builder_area=&#8221;post_content&#8221;][et_pb_text _builder_version=&#8221;4.17.4&#8243; _module_preset=&#8221;default&#8221; text_font_size=&#8221;16px&#8221; global_colors_info=&#8221;{}&#8221; theme_builder_area=&#8221;post_content&#8221;]<\/p>\n<h2><strong>Vine a tastar els nostres plats<\/strong><\/h2>\n<p>Si vols menjar una carn a la brasa a Vilanova i la Geltr\u00fa amb un sabor i una textura incre\u00efbles visita Cal Manelet. El nostre restaurant es troba a nom\u00e9s 15 minuts amb cotxe del centre urb\u00e0 de Vilanova i la Geltr\u00fa a Canyelles.<\/p>\n<p>[\/et_pb_text][et_pb_image src=&#8221;https:\/\/calmanelet.es\/wp-content\/uploads\/2020\/10\/entrecot.jpg&#8221; alt=&#8221;Carns a la brasa a Vilanova i la Geltr\u00fa&#8221; title_text=&#8221;Carns a la brasa a Vilanova i la Geltr\u00fa&#8221; _builder_version=&#8221;4.17.4&#8243; _module_preset=&#8221;default&#8221; global_colors_info=&#8221;{}&#8221; theme_builder_area=&#8221;post_content&#8221;][\/et_pb_image][\/et_pb_column][\/et_pb_row][et_pb_row column_structure=&#8221;2_5,3_5&#8243; _builder_version=&#8221;4.17.4&#8243; _module_preset=&#8221;default&#8221; max_width=&#8221;1400px&#8221; global_colors_info=&#8221;{}&#8221; theme_builder_area=&#8221;post_content&#8221;][et_pb_column type=&#8221;2_5&#8243; _builder_version=&#8221;4.17.4&#8243; _module_preset=&#8221;default&#8221; global_colors_info=&#8221;{}&#8221; theme_builder_area=&#8221;post_content&#8221;][et_pb_image src=&#8221;https:\/\/calmanelet.es\/wp-content\/uploads\/2023\/02\/entrecot.jpg&#8221; alt=&#8221;Carns a la brasa a Vilanova i la Geltr\u00fa&#8221; title_text=&#8221;Carns a la brasa a Vilanova i la Geltr\u00fa&#8221; _builder_version=&#8221;4.17.4&#8243; _module_preset=&#8221;default&#8221; global_colors_info=&#8221;{}&#8221; theme_builder_area=&#8221;post_content&#8221;][\/et_pb_image][\/et_pb_column][et_pb_column type=&#8221;3_5&#8243; _builder_version=&#8221;4.17.4&#8243; _module_preset=&#8221;default&#8221; global_colors_info=&#8221;{}&#8221; theme_builder_area=&#8221;post_content&#8221;][et_pb_text _builder_version=&#8221;4.17.4&#8243; _module_preset=&#8221;default&#8221; text_font_size=&#8221;16px&#8221; locked=&#8221;off&#8221; global_colors_info=&#8221;{}&#8221; theme_builder_area=&#8221;post_content&#8221;]<\/p>\n<h2><strong>Les millors carns a la brasa a Vilanova i la Geltr\u00fa<\/strong><\/h2>\n<p>Algunes de les millors carns per a la brasa inclouen l&#8217;entrecot, el filet, el ribeye, el llom i el xai. Cadascuna d&#8217;aquestes carns t\u00e9 un sabor i una textura \u00fanics, i es poden preparar amb diferents adobs i esp\u00e8cies per real\u00e7ar-ne el sabor. La carn a la brasa \u00e9s perfecta per gaudir amb amics i familiars en una reuni\u00f3 a l&#8217;aire lliure, i el seu aroma i sabor a la graella mai no deceben. Si ets amant de la carn, definitivament has de venir a tastar aquestes delicioses opcions de carn a la brasa.<\/p>\n<p>Benvinguts al nostre restaurant de carns a la brasa Cal Manelet! Aqu\u00ed et deixem tres raons perqu\u00e8 vinguis a tastar les nostres delicioses carns:<\/p>\n<ul>\n<li>Oferim una selecci\u00f3 de carns d&#8217;alta qualitat que es cuinen a la graella a la perfecci\u00f3 perqu\u00e8 gaudiu d&#8217;un \u00e0pat delici\u00f3s i suc\u00f3s.<\/li>\n<li>El nostre ambient \u00e9s acollidor i relaxat, cosa que el converteix en el lloc ideal per gaudir d&#8217;un \u00e0pat amb amics o familiars.<\/li>\n<li>El nostre personal \u00e9s amable i servicial, i estar\u00e0 encantat d&#8217;ajudar-vos a triar el tall de carn perfecte i les guarnicions adequades per al teu plat.<\/li>\n<\/ul>\n<p>Esperem veure&#8217;t aviat al nostre restaurant de carn a la brasa i que gaudeixis d&#8217;un \u00e0pat excepcional!<\/p>\n<p>[\/et_pb_text][\/et_pb_column][\/et_pb_row][et_pb_row _builder_version=&#8221;4.17.4&#8243; _module_preset=&#8221;default&#8221; theme_builder_area=&#8221;post_content&#8221; max_width=&#8221;70%&#8221; hover_enabled=&#8221;0&#8243; sticky_enabled=&#8221;0&#8243;][et_pb_column _builder_version=&#8221;4.17.4&#8243; _module_preset=&#8221;default&#8221; type=&#8221;4_4&#8243; theme_builder_area=&#8221;post_content&#8221;][et_pb_text _builder_version=&#8221;4.17.4&#8243; _module_preset=&#8221;default&#8221; text_font=&#8221;||||||||&#8221; text_font_size=&#8221;16px&#8221; header_2_font=&#8221;Caveat||||||||&#8221; header_2_font_size=&#8221;1.9vw&#8221; text_orientation=&#8221;justified&#8221; custom_padding=&#8221;|1em||1em|false|true&#8221; hover_enabled=&#8221;0&#8243; header_2_font_size_tablet=&#8221;6vw&#8221; header_2_font_size_phone=&#8221;8vw&#8221; header_2_font_size_last_edited=&#8221;on|desktop&#8221; global_colors_info=&#8221;{}&#8221; locked=&#8221;off&#8221; theme_builder_area=&#8221;post_content&#8221; sticky_enabled=&#8221;0&#8243;]<\/p>\n<h2 style=\"text-align: center;\">Reserva taula al nostre restaurant i prova les millor carns a la brasa<\/h2>\n<p>Al nostre restaurant, us esperen talls de carn de primera qualitat, preparats amb cura a la nostra graella de brases per assegurar un sabor inigualable i una sucositat excepcional. El nostre equip d&#8217;experts en cuina s&#8217;enorgulleix de seleccionar acuradament cada pe\u00e7a, garantint una experi\u00e8ncia gastron\u00f2mica que delectar\u00e0 els paladars m\u00e9s exigents.<\/p>\n<p>A m\u00e9s de les nostres delicioses carns, tamb\u00e9 oferim una \u00e0mplia varietat d&#8217;acompanyaments i salses per personalitzar el teu \u00e0pat al teu gust. Des d&#8217;opcions cl\u00e0ssiques fins a creacions innovadores, cada plat est\u00e0 dissenyat per oferir una experi\u00e8ncia culin\u00e0ria \u00fanica.<\/p>\n<p>El nostre acollidor i elegant ambient us permetr\u00e0 gaudir d&#8217;una vetllada especial al costat dels vostres \u00e9ssers estimats, mentre us servim un servei atent i amable per fer de la vostra visita una experi\u00e8ncia memorable.<\/p>\n<p>No esperis m\u00e9s i reserva la teva taula per descobrir l&#8217;excel\u00b7l\u00e8ncia de les nostres carns a la brasa a Vilanova i la Geltr\u00fa. Et prometem una experi\u00e8ncia gastron\u00f2mica que despertar\u00e0 tots els sentits. T&#8217;esperem amb els bra\u00e7os oberts!<\/p>\n<p>[\/et_pb_text][\/et_pb_column][\/et_pb_row][et_pb_row column_structure=&#8221;1_2,1_2&#8243; _builder_version=&#8221;4.17.4&#8243; _module_preset=&#8221;default&#8221; max_width=&#8221;70%&#8221; custom_padding=&#8221;||0px||false|false&#8221; hover_enabled=&#8221;0&#8243; global_colors_info=&#8221;{}&#8221; theme_builder_area=&#8221;post_content&#8221; sticky_enabled=&#8221;0&#8243;][et_pb_column type=&#8221;1_2&#8243; _builder_version=&#8221;4.17.4&#8243; _module_preset=&#8221;default&#8221; global_colors_info=&#8221;{}&#8221; theme_builder_area=&#8221;post_content&#8221;][et_pb_image src=&#8221;https:\/\/calmanelet.es\/wp-content\/uploads\/2022\/02\/carnes-brasa-vilanova-geltru.jpg&#8221; _builder_version=&#8221;4.17.4&#8243; _module_preset=&#8221;default&#8221; max_width=&#8221;90%&#8221; hover_enabled=&#8221;0&#8243; global_colors_info=&#8221;{}&#8221; theme_builder_area=&#8221;post_content&#8221; sticky_enabled=&#8221;0&#8243;][\/et_pb_image][\/et_pb_column][et_pb_column type=&#8221;1_2&#8243; _builder_version=&#8221;4.17.4&#8243; _module_preset=&#8221;default&#8221; global_colors_info=&#8221;{}&#8221; theme_builder_area=&#8221;post_content&#8221;][et_pb_image src=&#8221;https:\/\/calmanelet.es\/wp-content\/uploads\/2023\/02\/brasa.jpg&#8221; alt=&#8221;Carns a la brasa a Vilanova y la Geltr\u00fa&#8221; title_text=&#8221;Carns a la brasa a Vilanova y la Geltr\u00fa&#8221; _builder_version=&#8221;4.17.4&#8243; _module_preset=&#8221;default&#8221; global_colors_info=&#8221;{}&#8221; theme_builder_area=&#8221;post_content&#8221;][\/et_pb_image][\/et_pb_column][\/et_pb_row][\/et_pb_section]<\/p>","protected":false},"excerpt":{"rendered":"<p>Si busques el lloc on menjar les millors carns a la brasa a Vilanova i la Geltr\u00fa visita el Restaurant Cal ManeletCarns a la brasa a Vilanova i la Geltr\u00fa a Restaurant Cal Manelet A Cal Manelet ho hem apostat tot per crear una experi\u00e8ncia aut\u00e8ntica per als nostres clients a nom\u00e9s 15 minuts del [&hellip;]<\/p>","protected":false},"author":1,"featured_media":627,"comment_status":"open","ping_status":"open","sticky":false,"template":"","format":"standard","meta":{"_et_pb_use_builder":"on","_et_pb_old_content":"","_et_gb_content_width":"","footnotes":""},"categories":[1],"tags":[],"class_list":["post-428","post","type-post","status-publish","format-standard","has-post-thumbnail","hentry","category-sin-categoria"],"yoast_head":"<!-- This site is optimized with the Yoast SEO plugin v27.0 - https:\/\/yoast.com\/product\/yoast-seo-wordpress\/ -->\n<title>Les millors carns a la brasa a Vilanova i la Geltr\u00fa<\/title>\n<meta name=\"description\" content=\"Carns a la brasa a Vilanova i la Geltr\u00fa, si busques les millors carns a la brasa i cuina catalana aut\u00e8ntica visita Cal Manelet.\" \/>\n<meta name=\"robots\" content=\"index, follow, max-snippet:-1, max-image-preview:large, max-video-preview:-1\" \/>\n<link rel=\"canonical\" href=\"https:\/\/calmanelet.es\/es\/carns-brasa-vilanova-geltru\/\" \/>\n<meta property=\"og:locale\" content=\"es_ES\" \/>\n<meta property=\"og:type\" content=\"article\" \/>\n<meta property=\"og:title\" content=\"Les millors carns a la brasa a Vilanova i la Geltr\u00fa\" \/>\n<meta property=\"og:description\" content=\"Carns a la brasa a Vilanova i la Geltr\u00fa, si busques les millors carns a la brasa i cuina catalana aut\u00e8ntica visita Cal Manelet.\" \/>\n<meta property=\"og:url\" content=\"https:\/\/calmanelet.es\/es\/carns-brasa-vilanova-geltru\/\" \/>\n<meta property=\"og:site_name\" content=\"Cal Manelet Restaurant\" \/>\n<meta property=\"article:published_time\" content=\"2021-02-09T18:03:22+00:00\" \/>\n<meta property=\"article:modified_time\" content=\"2023-08-04T15:43:58+00:00\" \/>\n<meta property=\"og:image\" content=\"https:\/\/calmanelet.es\/wp-content\/uploads\/2021\/02\/carnes-brasa-vilanova-geltru.jpg\" \/>\n\t<meta property=\"og:image:width\" content=\"1080\" \/>\n\t<meta property=\"og:image:height\" content=\"665\" \/>\n\t<meta property=\"og:image:type\" content=\"image\/jpeg\" \/>\n<meta name=\"author\" content=\"digitalme\" \/>\n<meta name=\"twitter:card\" content=\"summary_large_image\" \/>\n<meta name=\"twitter:label1\" content=\"Escrito por\" \/>\n\t<meta name=\"twitter:data1\" content=\"digitalme\" \/>\n\t<meta name=\"twitter:label2\" content=\"Tiempo de lectura\" \/>\n\t<meta name=\"twitter:data2\" content=\"4 minutos\" \/>\n<script type=\"application\/ld+json\" class=\"yoast-schema-graph\">{\"@context\":\"https:\/\/schema.org\",\"@graph\":[{\"@type\":\"Article\",\"@id\":\"https:\/\/calmanelet.es\/carns-brasa-vilanova-geltru\/#article\",\"isPartOf\":{\"@id\":\"https:\/\/calmanelet.es\/carns-brasa-vilanova-geltru\/\"},\"author\":{\"name\":\"digitalme\",\"@id\":\"https:\/\/calmanelet.es\/#\/schema\/person\/363bcafe2b8f0568c1ecea80361582ef\"},\"headline\":\"Carns a la brasa a Vilanova i la Geltr\u00fa\",\"datePublished\":\"2021-02-09T18:03:22+00:00\",\"dateModified\":\"2023-08-04T15:43:58+00:00\",\"mainEntityOfPage\":{\"@id\":\"https:\/\/calmanelet.es\/carns-brasa-vilanova-geltru\/\"},\"wordCount\":1800,\"commentCount\":1,\"image\":{\"@id\":\"https:\/\/calmanelet.es\/carns-brasa-vilanova-geltru\/#primaryimage\"},\"thumbnailUrl\":\"https:\/\/calmanelet.es\/wp-content\/uploads\/2021\/02\/carnes-brasa-vilanova-geltru.jpg\",\"inLanguage\":\"es\",\"potentialAction\":[{\"@type\":\"CommentAction\",\"name\":\"Comment\",\"target\":[\"https:\/\/calmanelet.es\/carns-brasa-vilanova-geltru\/#respond\"]}]},{\"@type\":\"WebPage\",\"@id\":\"https:\/\/calmanelet.es\/carns-brasa-vilanova-geltru\/\",\"url\":\"https:\/\/calmanelet.es\/carns-brasa-vilanova-geltru\/\",\"name\":\"Les millors carns a la brasa a Vilanova i la Geltr\u00fa\",\"isPartOf\":{\"@id\":\"https:\/\/calmanelet.es\/#website\"},\"primaryImageOfPage\":{\"@id\":\"https:\/\/calmanelet.es\/carns-brasa-vilanova-geltru\/#primaryimage\"},\"image\":{\"@id\":\"https:\/\/calmanelet.es\/carns-brasa-vilanova-geltru\/#primaryimage\"},\"thumbnailUrl\":\"https:\/\/calmanelet.es\/wp-content\/uploads\/2021\/02\/carnes-brasa-vilanova-geltru.jpg\",\"datePublished\":\"2021-02-09T18:03:22+00:00\",\"dateModified\":\"2023-08-04T15:43:58+00:00\",\"author\":{\"@id\":\"https:\/\/calmanelet.es\/#\/schema\/person\/363bcafe2b8f0568c1ecea80361582ef\"},\"description\":\"Carns a la brasa a Vilanova i la Geltr\u00fa, si busques les millors carns a la brasa i cuina catalana aut\u00e8ntica visita Cal Manelet.\",\"breadcrumb\":{\"@id\":\"https:\/\/calmanelet.es\/carns-brasa-vilanova-geltru\/#breadcrumb\"},\"inLanguage\":\"es\",\"potentialAction\":[{\"@type\":\"ReadAction\",\"target\":[\"https:\/\/calmanelet.es\/carns-brasa-vilanova-geltru\/\"]}]},{\"@type\":\"ImageObject\",\"inLanguage\":\"es\",\"@id\":\"https:\/\/calmanelet.es\/carns-brasa-vilanova-geltru\/#primaryimage\",\"url\":\"https:\/\/calmanelet.es\/wp-content\/uploads\/2021\/02\/carnes-brasa-vilanova-geltru.jpg\",\"contentUrl\":\"https:\/\/calmanelet.es\/wp-content\/uploads\/2021\/02\/carnes-brasa-vilanova-geltru.jpg\",\"width\":1080,\"height\":665,\"caption\":\"carnes a la brasa en Vilanova y la Geltr\u00fa\"},{\"@type\":\"BreadcrumbList\",\"@id\":\"https:\/\/calmanelet.es\/carns-brasa-vilanova-geltru\/#breadcrumb\",\"itemListElement\":[{\"@type\":\"ListItem\",\"position\":1,\"name\":\"Portada\",\"item\":\"https:\/\/calmanelet.es\/\"},{\"@type\":\"ListItem\",\"position\":2,\"name\":\"Carns a la brasa a Vilanova i la Geltr\u00fa\"}]},{\"@type\":\"WebSite\",\"@id\":\"https:\/\/calmanelet.es\/#website\",\"url\":\"https:\/\/calmanelet.es\/\",\"name\":\"Cal Manelet Restaurant\",\"description\":\"Restaurant a Canyelles\",\"potentialAction\":[{\"@type\":\"SearchAction\",\"target\":{\"@type\":\"EntryPoint\",\"urlTemplate\":\"https:\/\/calmanelet.es\/?s={search_term_string}\"},\"query-input\":{\"@type\":\"PropertyValueSpecification\",\"valueRequired\":true,\"valueName\":\"search_term_string\"}}],\"inLanguage\":\"es\"},{\"@type\":\"Person\",\"@id\":\"https:\/\/calmanelet.es\/#\/schema\/person\/363bcafe2b8f0568c1ecea80361582ef\",\"name\":\"digitalme\",\"image\":{\"@type\":\"ImageObject\",\"inLanguage\":\"es\",\"@id\":\"https:\/\/calmanelet.es\/#\/schema\/person\/image\/\",\"url\":\"https:\/\/secure.gravatar.com\/avatar\/70050c41d678b2b3e9b2ef8ad47c2fd4562a978dd6c4f3ec09c2816212aa5d15?s=96&d=mm&r=g\",\"contentUrl\":\"https:\/\/secure.gravatar.com\/avatar\/70050c41d678b2b3e9b2ef8ad47c2fd4562a978dd6c4f3ec09c2816212aa5d15?s=96&d=mm&r=g\",\"caption\":\"digitalme\"},\"sameAs\":[\"https:\/\/calmanelet.es\"],\"url\":\"https:\/\/calmanelet.es\/es\/author\/digitalme\/\"}]}<\/script>\n<!-- \/ Yoast SEO plugin. -->","yoast_head_json":{"title":"Les millors carns a la brasa a Vilanova i la Geltr\u00fa","description":"Carns a la brasa a Vilanova i la Geltr\u00fa, si busques les millors carns a la brasa i cuina catalana aut\u00e8ntica visita Cal Manelet.","robots":{"index":"index","follow":"follow","max-snippet":"max-snippet:-1","max-image-preview":"max-image-preview:large","max-video-preview":"max-video-preview:-1"},"canonical":"https:\/\/calmanelet.es\/es\/carns-brasa-vilanova-geltru\/","og_locale":"es_ES","og_type":"article","og_title":"Les millors carns a la brasa a Vilanova i la Geltr\u00fa","og_description":"Carns a la brasa a Vilanova i la Geltr\u00fa, si busques les millors carns a la brasa i cuina catalana aut\u00e8ntica visita Cal Manelet.","og_url":"https:\/\/calmanelet.es\/es\/carns-brasa-vilanova-geltru\/","og_site_name":"Cal Manelet Restaurant","article_published_time":"2021-02-09T18:03:22+00:00","article_modified_time":"2023-08-04T15:43:58+00:00","og_image":[{"width":1080,"height":665,"url":"https:\/\/calmanelet.es\/wp-content\/uploads\/2021\/02\/carnes-brasa-vilanova-geltru.jpg","type":"image\/jpeg"}],"author":"digitalme","twitter_card":"summary_large_image","twitter_misc":{"Escrito por":"digitalme","Tiempo de lectura":"4 minutos"},"schema":{"@context":"https:\/\/schema.org","@graph":[{"@type":"Article","@id":"https:\/\/calmanelet.es\/carns-brasa-vilanova-geltru\/#article","isPartOf":{"@id":"https:\/\/calmanelet.es\/carns-brasa-vilanova-geltru\/"},"author":{"name":"digitalme","@id":"https:\/\/calmanelet.es\/#\/schema\/person\/363bcafe2b8f0568c1ecea80361582ef"},"headline":"Carns a la brasa a Vilanova i la Geltr\u00fa","datePublished":"2021-02-09T18:03:22+00:00","dateModified":"2023-08-04T15:43:58+00:00","mainEntityOfPage":{"@id":"https:\/\/calmanelet.es\/carns-brasa-vilanova-geltru\/"},"wordCount":1800,"commentCount":1,"image":{"@id":"https:\/\/calmanelet.es\/carns-brasa-vilanova-geltru\/#primaryimage"},"thumbnailUrl":"https:\/\/calmanelet.es\/wp-content\/uploads\/2021\/02\/carnes-brasa-vilanova-geltru.jpg","inLanguage":"es","potentialAction":[{"@type":"CommentAction","name":"Comment","target":["https:\/\/calmanelet.es\/carns-brasa-vilanova-geltru\/#respond"]}]},{"@type":"WebPage","@id":"https:\/\/calmanelet.es\/carns-brasa-vilanova-geltru\/","url":"https:\/\/calmanelet.es\/carns-brasa-vilanova-geltru\/","name":"Les millors carns a la brasa a Vilanova i la Geltr\u00fa","isPartOf":{"@id":"https:\/\/calmanelet.es\/#website"},"primaryImageOfPage":{"@id":"https:\/\/calmanelet.es\/carns-brasa-vilanova-geltru\/#primaryimage"},"image":{"@id":"https:\/\/calmanelet.es\/carns-brasa-vilanova-geltru\/#primaryimage"},"thumbnailUrl":"https:\/\/calmanelet.es\/wp-content\/uploads\/2021\/02\/carnes-brasa-vilanova-geltru.jpg","datePublished":"2021-02-09T18:03:22+00:00","dateModified":"2023-08-04T15:43:58+00:00","author":{"@id":"https:\/\/calmanelet.es\/#\/schema\/person\/363bcafe2b8f0568c1ecea80361582ef"},"description":"Carns a la brasa a Vilanova i la Geltr\u00fa, si busques les millors carns a la brasa i cuina catalana aut\u00e8ntica visita Cal Manelet.","breadcrumb":{"@id":"https:\/\/calmanelet.es\/carns-brasa-vilanova-geltru\/#breadcrumb"},"inLanguage":"es","potentialAction":[{"@type":"ReadAction","target":["https:\/\/calmanelet.es\/carns-brasa-vilanova-geltru\/"]}]},{"@type":"ImageObject","inLanguage":"es","@id":"https:\/\/calmanelet.es\/carns-brasa-vilanova-geltru\/#primaryimage","url":"https:\/\/calmanelet.es\/wp-content\/uploads\/2021\/02\/carnes-brasa-vilanova-geltru.jpg","contentUrl":"https:\/\/calmanelet.es\/wp-content\/uploads\/2021\/02\/carnes-brasa-vilanova-geltru.jpg","width":1080,"height":665,"caption":"carnes a la brasa en Vilanova y la Geltr\u00fa"},{"@type":"BreadcrumbList","@id":"https:\/\/calmanelet.es\/carns-brasa-vilanova-geltru\/#breadcrumb","itemListElement":[{"@type":"ListItem","position":1,"name":"Portada","item":"https:\/\/calmanelet.es\/"},{"@type":"ListItem","position":2,"name":"Carns a la brasa a Vilanova i la Geltr\u00fa"}]},{"@type":"WebSite","@id":"https:\/\/calmanelet.es\/#website","url":"https:\/\/calmanelet.es\/","name":"Cal Manelet Restaurant","description":"Restaurante en Canyelles","potentialAction":[{"@type":"SearchAction","target":{"@type":"EntryPoint","urlTemplate":"https:\/\/calmanelet.es\/?s={search_term_string}"},"query-input":{"@type":"PropertyValueSpecification","valueRequired":true,"valueName":"search_term_string"}}],"inLanguage":"es"},{"@type":"Person","@id":"https:\/\/calmanelet.es\/#\/schema\/person\/363bcafe2b8f0568c1ecea80361582ef","name":"digitalme","image":{"@type":"ImageObject","inLanguage":"es","@id":"https:\/\/calmanelet.es\/#\/schema\/person\/image\/","url":"https:\/\/secure.gravatar.com\/avatar\/70050c41d678b2b3e9b2ef8ad47c2fd4562a978dd6c4f3ec09c2816212aa5d15?s=96&d=mm&r=g","contentUrl":"https:\/\/secure.gravatar.com\/avatar\/70050c41d678b2b3e9b2ef8ad47c2fd4562a978dd6c4f3ec09c2816212aa5d15?s=96&d=mm&r=g","caption":"digitalme"},"sameAs":["https:\/\/calmanelet.es"],"url":"https:\/\/calmanelet.es\/es\/author\/digitalme\/"}]}},"_links":{"self":[{"href":"https:\/\/calmanelet.es\/es\/wp-json\/wp\/v2\/posts\/428","targetHints":{"allow":["GET"]}}],"collection":[{"href":"https:\/\/calmanelet.es\/es\/wp-json\/wp\/v2\/posts"}],"about":[{"href":"https:\/\/calmanelet.es\/es\/wp-json\/wp\/v2\/types\/post"}],"author":[{"embeddable":true,"href":"https:\/\/calmanelet.es\/es\/wp-json\/wp\/v2\/users\/1"}],"replies":[{"embeddable":true,"href":"https:\/\/calmanelet.es\/es\/wp-json\/wp\/v2\/comments?post=428"}],"version-history":[{"count":20,"href":"https:\/\/calmanelet.es\/es\/wp-json\/wp\/v2\/posts\/428\/revisions"}],"predecessor-version":[{"id":1106,"href":"https:\/\/calmanelet.es\/es\/wp-json\/wp\/v2\/posts\/428\/revisions\/1106"}],"wp:featuredmedia":[{"embeddable":true,"href":"https:\/\/calmanelet.es\/es\/wp-json\/wp\/v2\/media\/627"}],"wp:attachment":[{"href":"https:\/\/calmanelet.es\/es\/wp-json\/wp\/v2\/media?parent=428"}],"wp:term":[{"taxonomy":"category","embeddable":true,"href":"https:\/\/calmanelet.es\/es\/wp-json\/wp\/v2\/categories?post=428"},{"taxonomy":"post_tag","embeddable":true,"href":"https:\/\/calmanelet.es\/es\/wp-json\/wp\/v2\/tags?post=428"}],"curies":[{"name":"wp","href":"https:\/\/api.w.org\/{rel}","templated":true}]}}