{"id":642,"date":"2022-02-22T10:10:20","date_gmt":"2022-02-22T10:10:20","guid":{"rendered":"https:\/\/calmanelet.es\/?p=642"},"modified":"2022-02-22T10:13:41","modified_gmt":"2022-02-22T10:13:41","slug":"una-cuina-amb-historia","status":"publish","type":"post","link":"https:\/\/calmanelet.es\/es\/una-cuina-amb-historia\/","title":{"rendered":"La cocina tradicional catalana: una cocina con historia"},"content":{"rendered":"<p>[et_pb_section fb_built=&#8221;1&#8243; _builder_version=&#8221;4.14.8&#8243; _module_preset=&#8221;default&#8221; background_image=&#8221;https:\/\/calmanelet.es\/wp-content\/uploads\/2022\/02\/cuina-medieval-tradicional-catalana.jpg&#8221; parallax=&#8221;on&#8221; custom_padding=&#8221;84px||64px|||&#8221; hover_enabled=&#8221;0&#8243; global_colors_info=&#8221;{}&#8221; theme_builder_area=&#8221;post_content&#8221; alt=&#8221;cuina tradicional catalana&#8221; title_text=&#8221;cuina-medieval-tradicional-catalana&#8221; sticky_enabled=&#8221;0&#8243;][et_pb_row _builder_version=&#8221;4.8.2&#8243; _module_preset=&#8221;default&#8221; custom_margin=&#8221;-0.3%|auto|-0.3%|auto|true|false&#8221; global_colors_info=&#8221;{}&#8221; theme_builder_area=&#8221;post_content&#8221;][et_pb_column type=&#8221;4_4&#8243; _builder_version=&#8221;4.8.2&#8243; _module_preset=&#8221;default&#8221; global_colors_info=&#8221;{}&#8221; theme_builder_area=&#8221;post_content&#8221;][et_pb_text _builder_version=&#8221;4.14.8&#8243; _module_preset=&#8221;default&#8221; text_text_color=&#8221;#FFFFFF&#8221; text_font_size=&#8221;24px&#8221; text_line_height=&#8221;1.9em&#8221; header_text_align=&#8221;center&#8221; header_text_color=&#8221;#FFFFFF&#8221; background_color=&#8221;rgba(0,0,0,0.36)&#8221; custom_padding=&#8221;1em|1em|1em|1em|true|true&#8221; text_font_size_tablet=&#8221;22px&#8221; text_font_size_phone=&#8221;20px&#8221; text_font_size_last_edited=&#8221;on|tablet&#8221; header_text_align_tablet=&#8221;center&#8221; header_text_align_phone=&#8221;&#8221; header_text_align_last_edited=&#8221;on|desktop&#8221; global_colors_info=&#8221;{}&#8221; theme_builder_area=&#8221;post_content&#8221;]<\/p>\n<p style=\"text-align: center;\">Si busques un lloc on menjar la millor\u00a0<em><strong>cuina tradicional catalana<\/strong><\/em> \u00a0visita el Restaurant Cal Manelet<\/p>\n<p>&nbsp;<\/p>\n<p>[\/et_pb_text][et_pb_button button_url=&#8221;@ET-DC@eyJkeW5hbWljIjp0cnVlLCJjb250ZW50IjoicG9zdF9saW5rX3VybF9wYWdlIiwic2V0dGluZ3MiOnsicG9zdF9pZCI6IjIifX0=@&#8221; button_text=&#8221;Reserva la teva taula&#8221; button_alignment=&#8221;center&#8221; _builder_version=&#8221;4.14.8&#8243; _dynamic_attributes=&#8221;button_url&#8221; _module_preset=&#8221;default&#8221; custom_button=&#8221;on&#8221; button_text_color=&#8221;#FFFFFF&#8221; button_bg_color=&#8221;#000000&#8243; button_border_width=&#8221;0px&#8221; global_colors_info=&#8221;{}&#8221; theme_builder_area=&#8221;post_content&#8221;][\/et_pb_button][\/et_pb_column][\/et_pb_row][\/et_pb_section][et_pb_section fb_built=&#8221;1&#8243; _builder_version=&#8221;4.8.2&#8243; _module_preset=&#8221;default&#8221; global_colors_info=&#8221;{}&#8221; theme_builder_area=&#8221;post_content&#8221;][et_pb_row column_structure=&#8221;1_2,1_2&#8243; _builder_version=&#8221;4.8.2&#8243; _module_preset=&#8221;default&#8221; width=&#8221;90%&#8221; max_width=&#8221;1400px&#8221; module_alignment=&#8221;center&#8221; global_colors_info=&#8221;{}&#8221; theme_builder_area=&#8221;post_content&#8221;][et_pb_column type=&#8221;1_2&#8243; _builder_version=&#8221;4.8.2&#8243; _module_preset=&#8221;default&#8221; global_colors_info=&#8221;{}&#8221; theme_builder_area=&#8221;post_content&#8221;][et_pb_text _builder_version=&#8221;4.8.2&#8243; _module_preset=&#8221;default&#8221; header_2_line_height=&#8221;1.4em&#8221; global_colors_info=&#8221;{}&#8221; theme_builder_area=&#8221;post_content&#8221;]<\/p>\n<p>Sabies que l\u2019etapa d\u2019or de la nostra cuina va ser durant l\u2019Edat Mitjana?<\/p>\n<p>Tots creiem que en aquella \u00e8poca ni tal sols els reis i nobles menjaven correctament, per\u00f2 aix\u00f2 no \u00e9s del tot cert. La cuina medieval tamb\u00e9 era elegant i refinada.<\/p>\n<p>&nbsp;<\/p>\n<p><span style=\"color: #333333; font-size: 26px;\">Si busques el millor restaurant on degustar la millor cuina catalana a Vilanova i la Geltr\u00fa visita&#8217;ns a Cal Manelet!<\/span><\/p>\n<p>[\/et_pb_text][et_pb_button button_url=&#8221;@ET-DC@eyJkeW5hbWljIjp0cnVlLCJjb250ZW50IjoicG9zdF9saW5rX3VybF9wYWdlIiwic2V0dGluZ3MiOnsicG9zdF9pZCI6IjIifX0=@&#8221; button_text=&#8221;Ubicaci\u00f3 i contacte&#8221; button_alignment=&#8221;center&#8221; _builder_version=&#8221;4.14.8&#8243; _dynamic_attributes=&#8221;button_url&#8221; _module_preset=&#8221;default&#8221; custom_button=&#8221;on&#8221; button_text_color=&#8221;#FFFFFF&#8221; button_bg_color=&#8221;#000000&#8243; button_border_width=&#8221;0px&#8221; button_icon=&#8221;&#xe00b;||divi||400&#8243; global_colors_info=&#8221;{}&#8221; theme_builder_area=&#8221;post_content&#8221;][\/et_pb_button][\/et_pb_column][et_pb_column type=&#8221;1_2&#8243; _builder_version=&#8221;4.8.2&#8243; _module_preset=&#8221;default&#8221; global_colors_info=&#8221;{}&#8221; theme_builder_area=&#8221;post_content&#8221;][\/et_pb_column][\/et_pb_row][et_pb_row column_structure=&#8221;1_2,1_2&#8243; _builder_version=&#8221;4.8.2&#8243; _module_preset=&#8221;default&#8221; width=&#8221;90%&#8221; max_width=&#8221;1400px&#8221; module_alignment=&#8221;center&#8221; global_colors_info=&#8221;{}&#8221; theme_builder_area=&#8221;post_content&#8221;][et_pb_column type=&#8221;1_2&#8243; _builder_version=&#8221;4.8.2&#8243; _module_preset=&#8221;default&#8221; global_colors_info=&#8221;{}&#8221; theme_builder_area=&#8221;post_content&#8221;][et_pb_text _builder_version=&#8221;4.14.8&#8243; _module_preset=&#8221;default&#8221; global_colors_info=&#8221;{}&#8221; theme_builder_area=&#8221;post_content&#8221;]<\/p>\n<h2>Qu\u00e8 menjaven a l\u2019Edat Mitjana?<\/h2>\n<p>Les receptes que es preparaven anaven des de plats molt elavorats fins a d\u2019all\u00f2 m\u00e9s simples. \u00c9s molt interessant veure com ja llavors hi ha afany d\u2019inventar, de mesclar dol\u00e7 i salat, agre i dol\u00e7, herbes i esp\u00e8cies,&#8230;<\/p>\n<p>Tamb\u00e9 cal recordar que la cuina que anava destinada a l\u2019aristocr\u00e0cia moltes vegades era excessiva i abundant. No podem parlar aqu\u00ed de salut, ja que tanta carn i greix nom\u00e9s eren s\u00edmbol d\u2019estatus social.<\/p>\n<p>Tanmateix, hi havia plats m\u00e9s simples i que podriem passar per actuals.<\/p>\n<p><span>Els primers receptaris i manuals de gastronomia i vins d\u2019Europa son de la m\u00e0 del Mestre Robert. Aquest era cuiner a la cort de N\u00e0pols, i fa un recull del tipus d\u2019aliments que es cuinaven.<\/span><\/p>\n<p>[\/et_pb_text][et_pb_image src=&#8221;https:\/\/calmanelet.es\/wp-content\/uploads\/2020\/10\/bar-09.jpg&#8221; alt=&#8221;cuina tradicional catalana&#8221; title_text=&#8221;cuina tradicional catalana&#8221; align=&#8221;center&#8221; _builder_version=&#8221;4.14.8&#8243; _module_preset=&#8221;default&#8221; global_colors_info=&#8221;{}&#8221; theme_builder_area=&#8221;post_content&#8221;][\/et_pb_image][\/et_pb_column][et_pb_column type=&#8221;1_2&#8243; _builder_version=&#8221;4.8.2&#8243; _module_preset=&#8221;default&#8221; global_colors_info=&#8221;{}&#8221; theme_builder_area=&#8221;post_content&#8221;][et_pb_text _builder_version=&#8221;4.14.8&#8243; _module_preset=&#8221;default&#8221; global_colors_info=&#8221;{}&#8221; theme_builder_area=&#8221;post_content&#8221;]<\/p>\n<h2>Vine a probar els notres plats<\/h2>\n<p>Si vols degustar la cuina catalana a Vilanova i la Geltr\u00fa, un sabor y una textura incre\u00edbles visita Cal Manelet. El nostre restaurant es troba nom\u00e9s a 15 minutos en coche del centre urb\u00e0 de Vilanova i la Geltr\u00fa, a Canyelles.<\/p>\n<p>[\/et_pb_text][et_pb_cta title=&#8221;\u00bfQuieres probar els millors plats de cuina catalana a Vilanova i la Geltr\u00fa?&#8221; button_url=&#8221;tel:+34699544424&#8243; button_text=&#8221;\u00a1Truca&#8217;ns!&#8221; _builder_version=&#8221;4.14.8&#8243; _module_preset=&#8221;default&#8221; background_color=&#8221;#000000&#8243; global_colors_info=&#8221;{}&#8221; theme_builder_area=&#8221;post_content&#8221;]<\/p>\n<p>Estarem encantats d&#8217;atendre&#8217;t i oferir-te el millor de la gastronomia catalana: cargols a la llauna, cal\u00e7otades,&#8230;<\/p>\n<p>Tamb\u00e9 disposem de men\u00fas diaris!<\/p>\n<p>[\/et_pb_cta][\/et_pb_column][\/et_pb_row][et_pb_row column_structure=&#8221;1_2,1_2&#8243; _builder_version=&#8221;4.14.8&#8243; _module_preset=&#8221;default&#8221; global_colors_info=&#8221;{}&#8221; theme_builder_area=&#8221;post_content&#8221;][et_pb_column type=&#8221;1_2&#8243; _builder_version=&#8221;4.14.8&#8243; _module_preset=&#8221;default&#8221; global_colors_info=&#8221;{}&#8221; theme_builder_area=&#8221;post_content&#8221;][et_pb_text _builder_version=&#8221;4.14.8&#8243; _module_preset=&#8221;default&#8221; global_colors_info=&#8221;{}&#8221; theme_builder_area=&#8221;post_content&#8221;]<\/p>\n<h2><span>No tot \u00e9s Medieval<\/span><\/h2>\n<p>Hi ha molts plats que posariem dins del sac de Medievals, i que realment no ho son. Aquest \u00e9s el cas de les patates, el romesco o la xocolata. Aix\u00f2 es deu a que estem acostumats a veure moltes pel\u00b7l\u00edcules i audiovisuals on se\u2019ns ha fet creure que \u00e9s aix\u00ed.<\/p>\n<p>Tot i aix\u00f2, \u00e9s cert que la cuina medieval tamb\u00e9 \u00e9s rica i variada. Es coneix de moltes salses, productes i preparacions diverses.<\/p>\n<p>Tampoc \u00e9s veritat que aquesta cuina utilitz\u00e9s massa esp\u00e8cies per a camuflar el gust de la carn o el peix passats! Sin\u00f3 que les fa servir com a mostra d\u2019estatus social, ja que algunes d\u2019elles eren for\u00e7a ex\u00f2tiques com el gingebre o el festuc.<\/p>\n<p>Els primers receptaris i manuals de gastronomia i vins d\u2019Europa son de la m\u00e0 del Mestre Robert. Aquest era cuiner a la cort de N\u00e0pols, i fa un recull del tipus d\u2019aliments que es cuinaven.<\/p>\n<p>[\/et_pb_text][\/et_pb_column][et_pb_column type=&#8221;1_2&#8243; _builder_version=&#8221;4.14.8&#8243; _module_preset=&#8221;default&#8221; global_colors_info=&#8221;{}&#8221; theme_builder_area=&#8221;post_content&#8221;][et_pb_text _builder_version=&#8221;4.14.8&#8243; _module_preset=&#8221;default&#8221; global_colors_info=&#8221;{}&#8221; theme_builder_area=&#8221;post_content&#8221;]<\/p>\n<h2><span>La cuina catalana<\/span><\/h2>\n<p><span>Catalunya va ser, culin\u00e0riament, un pa\u00eds de refer\u00e8ncia admirat per altres pa\u00edsos com It\u00e0lia. Tota aquesta hist\u00f2ria es respira avui en dia amb el llegat que ens han deixat. Actualment, la cuina tradicional catalana \u00e9s tamb\u00e9 un referent per a la resta d\u2019Europa i del m\u00f3n.<\/span><\/p>\n<p>[\/et_pb_text][\/et_pb_column][\/et_pb_row][\/et_pb_section]<\/p>","protected":false},"excerpt":{"rendered":"<p>Si busques un lloc on menjar la millor\u00a0cuina tradicional catalana \u00a0visita el Restaurant Cal Manelet &nbsp;Sabies que l\u2019etapa d\u2019or de la nostra cuina va ser durant l\u2019Edat Mitjana? Tots creiem que en aquella \u00e8poca ni tal sols els reis i nobles menjaven correctament, per\u00f2 aix\u00f2 no \u00e9s del tot cert. La cuina medieval tamb\u00e9 era [&hellip;]<\/p>","protected":false},"author":1,"featured_media":650,"comment_status":"open","ping_status":"open","sticky":false,"template":"","format":"standard","meta":{"_et_pb_use_builder":"on","_et_pb_old_content":"","_et_gb_content_width":"","footnotes":""},"categories":[1],"tags":[],"class_list":["post-642","post","type-post","status-publish","format-standard","has-post-thumbnail","hentry","category-sin-categoria"],"yoast_head":"<!-- This site is optimized with the Yoast SEO plugin v27.0 - https:\/\/yoast.com\/product\/yoast-seo-wordpress\/ -->\n<title>La cuina tradicional catalana: una cuina amb hist\u00f2ria - Visita Cal Manelet<\/title>\n<meta name=\"description\" content=\"En aquesta entrada repassem una mica d&#039;on ve la nostra cuina tradicional catalana, tant rica i variada, i t&#039;animem a tastar-la a Cal Manelet!\" \/>\n<meta name=\"robots\" content=\"index, follow, max-snippet:-1, max-image-preview:large, max-video-preview:-1\" \/>\n<link rel=\"canonical\" href=\"https:\/\/calmanelet.es\/es\/una-cuina-amb-historia\/\" \/>\n<meta property=\"og:locale\" content=\"es_ES\" \/>\n<meta property=\"og:type\" content=\"article\" \/>\n<meta property=\"og:title\" content=\"La cuina tradicional catalana: una cuina amb hist\u00f2ria - Visita Cal Manelet\" \/>\n<meta property=\"og:description\" content=\"En aquesta entrada repassem una mica d&#039;on ve la nostra cuina tradicional catalana, tant rica i variada, i t&#039;animem a tastar-la a Cal Manelet!\" \/>\n<meta property=\"og:url\" content=\"https:\/\/calmanelet.es\/es\/una-cuina-amb-historia\/\" \/>\n<meta property=\"og:site_name\" content=\"Cal Manelet Restaurant\" \/>\n<meta property=\"article:published_time\" content=\"2022-02-22T10:10:20+00:00\" \/>\n<meta property=\"article:modified_time\" content=\"2022-02-22T10:13:41+00:00\" \/>\n<meta property=\"og:image\" content=\"https:\/\/calmanelet.es\/wp-content\/uploads\/2022\/02\/cuina-medieval-tradicional-catalana.jpg\" \/>\n\t<meta property=\"og:image:width\" content=\"896\" \/>\n\t<meta property=\"og:image:height\" content=\"596\" \/>\n\t<meta property=\"og:image:type\" content=\"image\/jpeg\" \/>\n<meta name=\"author\" content=\"digitalme\" \/>\n<meta name=\"twitter:card\" content=\"summary_large_image\" \/>\n<meta name=\"twitter:label1\" content=\"Escrito por\" \/>\n\t<meta name=\"twitter:data1\" content=\"digitalme\" \/>\n\t<meta name=\"twitter:label2\" content=\"Tiempo de lectura\" \/>\n\t<meta name=\"twitter:data2\" content=\"6 minutos\" \/>\n<script type=\"application\/ld+json\" class=\"yoast-schema-graph\">{\"@context\":\"https:\/\/schema.org\",\"@graph\":[{\"@type\":\"Article\",\"@id\":\"https:\/\/calmanelet.es\/una-cuina-amb-historia\/#article\",\"isPartOf\":{\"@id\":\"https:\/\/calmanelet.es\/una-cuina-amb-historia\/\"},\"author\":{\"name\":\"digitalme\",\"@id\":\"https:\/\/calmanelet.es\/#\/schema\/person\/363bcafe2b8f0568c1ecea80361582ef\"},\"headline\":\"La cuina tradicional catalana: una cuina amb hist\u00f2ria\",\"datePublished\":\"2022-02-22T10:10:20+00:00\",\"dateModified\":\"2022-02-22T10:13:41+00:00\",\"mainEntityOfPage\":{\"@id\":\"https:\/\/calmanelet.es\/una-cuina-amb-historia\/\"},\"wordCount\":1238,\"commentCount\":0,\"image\":{\"@id\":\"https:\/\/calmanelet.es\/una-cuina-amb-historia\/#primaryimage\"},\"thumbnailUrl\":\"https:\/\/calmanelet.es\/wp-content\/uploads\/2022\/02\/cuina-medieval-tradicional-catalana.jpg\",\"inLanguage\":\"es\",\"potentialAction\":[{\"@type\":\"CommentAction\",\"name\":\"Comment\",\"target\":[\"https:\/\/calmanelet.es\/una-cuina-amb-historia\/#respond\"]}]},{\"@type\":\"WebPage\",\"@id\":\"https:\/\/calmanelet.es\/una-cuina-amb-historia\/\",\"url\":\"https:\/\/calmanelet.es\/una-cuina-amb-historia\/\",\"name\":\"La cuina tradicional catalana: una cuina amb hist\u00f2ria - Visita Cal Manelet\",\"isPartOf\":{\"@id\":\"https:\/\/calmanelet.es\/#website\"},\"primaryImageOfPage\":{\"@id\":\"https:\/\/calmanelet.es\/una-cuina-amb-historia\/#primaryimage\"},\"image\":{\"@id\":\"https:\/\/calmanelet.es\/una-cuina-amb-historia\/#primaryimage\"},\"thumbnailUrl\":\"https:\/\/calmanelet.es\/wp-content\/uploads\/2022\/02\/cuina-medieval-tradicional-catalana.jpg\",\"datePublished\":\"2022-02-22T10:10:20+00:00\",\"dateModified\":\"2022-02-22T10:13:41+00:00\",\"author\":{\"@id\":\"https:\/\/calmanelet.es\/#\/schema\/person\/363bcafe2b8f0568c1ecea80361582ef\"},\"description\":\"En aquesta entrada repassem una mica d'on ve la nostra cuina tradicional catalana, tant rica i variada, i t'animem a tastar-la a Cal Manelet!\",\"breadcrumb\":{\"@id\":\"https:\/\/calmanelet.es\/una-cuina-amb-historia\/#breadcrumb\"},\"inLanguage\":\"es\",\"potentialAction\":[{\"@type\":\"ReadAction\",\"target\":[\"https:\/\/calmanelet.es\/una-cuina-amb-historia\/\"]}]},{\"@type\":\"ImageObject\",\"inLanguage\":\"es\",\"@id\":\"https:\/\/calmanelet.es\/una-cuina-amb-historia\/#primaryimage\",\"url\":\"https:\/\/calmanelet.es\/wp-content\/uploads\/2022\/02\/cuina-medieval-tradicional-catalana.jpg\",\"contentUrl\":\"https:\/\/calmanelet.es\/wp-content\/uploads\/2022\/02\/cuina-medieval-tradicional-catalana.jpg\",\"width\":896,\"height\":596,\"caption\":\"cuina tradicional catalana\"},{\"@type\":\"BreadcrumbList\",\"@id\":\"https:\/\/calmanelet.es\/una-cuina-amb-historia\/#breadcrumb\",\"itemListElement\":[{\"@type\":\"ListItem\",\"position\":1,\"name\":\"Portada\",\"item\":\"https:\/\/calmanelet.es\/\"},{\"@type\":\"ListItem\",\"position\":2,\"name\":\"La cuina tradicional catalana: una cuina amb hist\u00f2ria\"}]},{\"@type\":\"WebSite\",\"@id\":\"https:\/\/calmanelet.es\/#website\",\"url\":\"https:\/\/calmanelet.es\/\",\"name\":\"Cal Manelet Restaurant\",\"description\":\"Restaurant a Canyelles\",\"potentialAction\":[{\"@type\":\"SearchAction\",\"target\":{\"@type\":\"EntryPoint\",\"urlTemplate\":\"https:\/\/calmanelet.es\/?s={search_term_string}\"},\"query-input\":{\"@type\":\"PropertyValueSpecification\",\"valueRequired\":true,\"valueName\":\"search_term_string\"}}],\"inLanguage\":\"es\"},{\"@type\":\"Person\",\"@id\":\"https:\/\/calmanelet.es\/#\/schema\/person\/363bcafe2b8f0568c1ecea80361582ef\",\"name\":\"digitalme\",\"image\":{\"@type\":\"ImageObject\",\"inLanguage\":\"es\",\"@id\":\"https:\/\/calmanelet.es\/#\/schema\/person\/image\/\",\"url\":\"https:\/\/secure.gravatar.com\/avatar\/70050c41d678b2b3e9b2ef8ad47c2fd4562a978dd6c4f3ec09c2816212aa5d15?s=96&d=mm&r=g\",\"contentUrl\":\"https:\/\/secure.gravatar.com\/avatar\/70050c41d678b2b3e9b2ef8ad47c2fd4562a978dd6c4f3ec09c2816212aa5d15?s=96&d=mm&r=g\",\"caption\":\"digitalme\"},\"sameAs\":[\"https:\/\/calmanelet.es\"],\"url\":\"https:\/\/calmanelet.es\/es\/author\/digitalme\/\"}]}<\/script>\n<!-- \/ Yoast SEO plugin. -->","yoast_head_json":{"title":"La cuina tradicional catalana: una cuina amb hist\u00f2ria - Visita Cal Manelet","description":"En aquesta entrada repassem una mica d'on ve la nostra cuina tradicional catalana, tant rica i variada, i t'animem a tastar-la a Cal Manelet!","robots":{"index":"index","follow":"follow","max-snippet":"max-snippet:-1","max-image-preview":"max-image-preview:large","max-video-preview":"max-video-preview:-1"},"canonical":"https:\/\/calmanelet.es\/es\/una-cuina-amb-historia\/","og_locale":"es_ES","og_type":"article","og_title":"La cuina tradicional catalana: una cuina amb hist\u00f2ria - Visita Cal Manelet","og_description":"En aquesta entrada repassem una mica d'on ve la nostra cuina tradicional catalana, tant rica i variada, i t'animem a tastar-la a Cal Manelet!","og_url":"https:\/\/calmanelet.es\/es\/una-cuina-amb-historia\/","og_site_name":"Cal Manelet Restaurant","article_published_time":"2022-02-22T10:10:20+00:00","article_modified_time":"2022-02-22T10:13:41+00:00","og_image":[{"width":896,"height":596,"url":"https:\/\/calmanelet.es\/wp-content\/uploads\/2022\/02\/cuina-medieval-tradicional-catalana.jpg","type":"image\/jpeg"}],"author":"digitalme","twitter_card":"summary_large_image","twitter_misc":{"Escrito por":"digitalme","Tiempo de lectura":"6 minutos"},"schema":{"@context":"https:\/\/schema.org","@graph":[{"@type":"Article","@id":"https:\/\/calmanelet.es\/una-cuina-amb-historia\/#article","isPartOf":{"@id":"https:\/\/calmanelet.es\/una-cuina-amb-historia\/"},"author":{"name":"digitalme","@id":"https:\/\/calmanelet.es\/#\/schema\/person\/363bcafe2b8f0568c1ecea80361582ef"},"headline":"La cuina tradicional catalana: una cuina amb hist\u00f2ria","datePublished":"2022-02-22T10:10:20+00:00","dateModified":"2022-02-22T10:13:41+00:00","mainEntityOfPage":{"@id":"https:\/\/calmanelet.es\/una-cuina-amb-historia\/"},"wordCount":1238,"commentCount":0,"image":{"@id":"https:\/\/calmanelet.es\/una-cuina-amb-historia\/#primaryimage"},"thumbnailUrl":"https:\/\/calmanelet.es\/wp-content\/uploads\/2022\/02\/cuina-medieval-tradicional-catalana.jpg","inLanguage":"es","potentialAction":[{"@type":"CommentAction","name":"Comment","target":["https:\/\/calmanelet.es\/una-cuina-amb-historia\/#respond"]}]},{"@type":"WebPage","@id":"https:\/\/calmanelet.es\/una-cuina-amb-historia\/","url":"https:\/\/calmanelet.es\/una-cuina-amb-historia\/","name":"La cuina tradicional catalana: una cuina amb hist\u00f2ria - Visita Cal Manelet","isPartOf":{"@id":"https:\/\/calmanelet.es\/#website"},"primaryImageOfPage":{"@id":"https:\/\/calmanelet.es\/una-cuina-amb-historia\/#primaryimage"},"image":{"@id":"https:\/\/calmanelet.es\/una-cuina-amb-historia\/#primaryimage"},"thumbnailUrl":"https:\/\/calmanelet.es\/wp-content\/uploads\/2022\/02\/cuina-medieval-tradicional-catalana.jpg","datePublished":"2022-02-22T10:10:20+00:00","dateModified":"2022-02-22T10:13:41+00:00","author":{"@id":"https:\/\/calmanelet.es\/#\/schema\/person\/363bcafe2b8f0568c1ecea80361582ef"},"description":"En aquesta entrada repassem una mica d'on ve la nostra cuina tradicional catalana, tant rica i variada, i t'animem a tastar-la a Cal Manelet!","breadcrumb":{"@id":"https:\/\/calmanelet.es\/una-cuina-amb-historia\/#breadcrumb"},"inLanguage":"es","potentialAction":[{"@type":"ReadAction","target":["https:\/\/calmanelet.es\/una-cuina-amb-historia\/"]}]},{"@type":"ImageObject","inLanguage":"es","@id":"https:\/\/calmanelet.es\/una-cuina-amb-historia\/#primaryimage","url":"https:\/\/calmanelet.es\/wp-content\/uploads\/2022\/02\/cuina-medieval-tradicional-catalana.jpg","contentUrl":"https:\/\/calmanelet.es\/wp-content\/uploads\/2022\/02\/cuina-medieval-tradicional-catalana.jpg","width":896,"height":596,"caption":"cuina tradicional catalana"},{"@type":"BreadcrumbList","@id":"https:\/\/calmanelet.es\/una-cuina-amb-historia\/#breadcrumb","itemListElement":[{"@type":"ListItem","position":1,"name":"Portada","item":"https:\/\/calmanelet.es\/"},{"@type":"ListItem","position":2,"name":"La cuina tradicional catalana: una cuina amb hist\u00f2ria"}]},{"@type":"WebSite","@id":"https:\/\/calmanelet.es\/#website","url":"https:\/\/calmanelet.es\/","name":"Cal Manelet Restaurant","description":"Restaurante en Canyelles","potentialAction":[{"@type":"SearchAction","target":{"@type":"EntryPoint","urlTemplate":"https:\/\/calmanelet.es\/?s={search_term_string}"},"query-input":{"@type":"PropertyValueSpecification","valueRequired":true,"valueName":"search_term_string"}}],"inLanguage":"es"},{"@type":"Person","@id":"https:\/\/calmanelet.es\/#\/schema\/person\/363bcafe2b8f0568c1ecea80361582ef","name":"digitalme","image":{"@type":"ImageObject","inLanguage":"es","@id":"https:\/\/calmanelet.es\/#\/schema\/person\/image\/","url":"https:\/\/secure.gravatar.com\/avatar\/70050c41d678b2b3e9b2ef8ad47c2fd4562a978dd6c4f3ec09c2816212aa5d15?s=96&d=mm&r=g","contentUrl":"https:\/\/secure.gravatar.com\/avatar\/70050c41d678b2b3e9b2ef8ad47c2fd4562a978dd6c4f3ec09c2816212aa5d15?s=96&d=mm&r=g","caption":"digitalme"},"sameAs":["https:\/\/calmanelet.es"],"url":"https:\/\/calmanelet.es\/es\/author\/digitalme\/"}]}},"_links":{"self":[{"href":"https:\/\/calmanelet.es\/es\/wp-json\/wp\/v2\/posts\/642","targetHints":{"allow":["GET"]}}],"collection":[{"href":"https:\/\/calmanelet.es\/es\/wp-json\/wp\/v2\/posts"}],"about":[{"href":"https:\/\/calmanelet.es\/es\/wp-json\/wp\/v2\/types\/post"}],"author":[{"embeddable":true,"href":"https:\/\/calmanelet.es\/es\/wp-json\/wp\/v2\/users\/1"}],"replies":[{"embeddable":true,"href":"https:\/\/calmanelet.es\/es\/wp-json\/wp\/v2\/comments?post=642"}],"version-history":[{"count":8,"href":"https:\/\/calmanelet.es\/es\/wp-json\/wp\/v2\/posts\/642\/revisions"}],"predecessor-version":[{"id":655,"href":"https:\/\/calmanelet.es\/es\/wp-json\/wp\/v2\/posts\/642\/revisions\/655"}],"wp:featuredmedia":[{"embeddable":true,"href":"https:\/\/calmanelet.es\/es\/wp-json\/wp\/v2\/media\/650"}],"wp:attachment":[{"href":"https:\/\/calmanelet.es\/es\/wp-json\/wp\/v2\/media?parent=642"}],"wp:term":[{"taxonomy":"category","embeddable":true,"href":"https:\/\/calmanelet.es\/es\/wp-json\/wp\/v2\/categories?post=642"},{"taxonomy":"post_tag","embeddable":true,"href":"https:\/\/calmanelet.es\/es\/wp-json\/wp\/v2\/tags?post=642"}],"curies":[{"name":"wp","href":"https:\/\/api.w.org\/{rel}","templated":true}]}}