{"id":689,"date":"2022-03-29T11:17:59","date_gmt":"2022-03-29T11:17:59","guid":{"rendered":"https:\/\/calmanelet.es\/?p=689"},"modified":"2022-07-01T08:38:11","modified_gmt":"2022-07-01T08:38:11","slug":"beneficis-de-menjar-carn-a-la-brasa","status":"publish","type":"post","link":"https:\/\/calmanelet.es\/es\/beneficis-de-menjar-carn-a-la-brasa\/","title":{"rendered":"Beneficios de comer carne a la brasa"},"content":{"rendered":"<p>[et_pb_section fb_built=&#8221;1&#8243; admin_label=&#8221;section&#8221; _builder_version=&#8221;4.16&#8243; global_colors_info=&#8221;{}&#8221;][et_pb_row admin_label=&#8221;row&#8221; _builder_version=&#8221;4.16&#8243; background_size=&#8221;initial&#8221; background_position=&#8221;top_left&#8221; background_repeat=&#8221;repeat&#8221; global_colors_info=&#8221;{}&#8221;][et_pb_column type=&#8221;4_4&#8243; _builder_version=&#8221;4.16&#8243; custom_padding=&#8221;|||&#8221; global_colors_info=&#8221;{}&#8221; custom_padding__hover=&#8221;|||&#8221;][et_pb_text _builder_version=&#8221;4.16&#8243; _module_preset=&#8221;default&#8221; global_colors_info=&#8221;{}&#8221;]<\/p>\n<p>Des de Cal\u00a0<span class=\"hiddenSpellError\">Manelet<\/span>\u00a0et donarem uns\u00a0quants\u00a0de beneficis que aporta menjar carn a la brasa\u00a0<span class=\"hiddenGrammarError\">y<\/span>\u00a0la millor manera de cuinar-la respecte a altres.<\/p>\n<p>Entre els molts avantatges de preparar els aliments com ho fem a Cal\u00a0<span class=\"hiddenSpellError\">Manelet<\/span>, pots trobar els seg\u00fcents:<\/p>\n<p>Es pot cuinar a l&#8217;aire lliure, mantenint\u00a0aix\u00ed\u00a0la cuina neta. A m\u00e9s, aporta un ambient m\u00e9s relaxant i agradable. Quan es cuina d&#8217;aquesta manera, no es requereix gaire preparaci\u00f3, ja que les brases s&#8217;encarregaran de fer la major part de la feina.<\/p>\n<p>Si cuines verdures a la brasa, conservaran la seva humitat. Les patates o els moniatos s\u00f3n verdures perfectes per cuinar d&#8217;aquesta manera. Una\u00a0manera ideal de cuinar-lo\u00a0\u00e9s\u00a0amb broquetes,\u00a0perqu\u00e8\u00a0resulta m\u00e9s f\u00e0cil\u00a0donar-los\u00a0volta.<\/p>\n<p>La\u00a0avantatge\u00a0\u00e9s\u00a0que per cuinar\u00a0qualsevol\u00a0tipus d&#8217;aliment a la brasa, nom\u00e9s\u00a0far\u00e0\u00a0falta una mica de sal i oli\u00a0ja\u00a0que\u00a0\u00e9s\u00a0una cuina f\u00e0cil, a m\u00e9s de saludable\u00a0i\u00a0barata.<\/p>\n<p>En definitiva, cuinar a la brasa\u00a0permetr\u00e0\u00a0menjar qualsevol\u00a0mena\u00a0d&#8217;aliment de forma f\u00e0cil, barata i saludable. A m\u00e9s, les brases realcen el sabor dels aliments i mantenen les seves propietats. Per tant, no dubtis en\u00a0passar-te\u00a0per Cal\u00a0<span class=\"hiddenSpellError\">Manelet<\/span>\u00a0per\u00a0provar\u00a0els nostres plats elaborats a la brasa.<\/p>\n<p>[\/et_pb_text][et_pb_cta title=&#8221;Vols provar els millors plats de carn a la brasa?&#8221; button_url=&#8221;tel:+34699544424&#8243; button_text=&#8221;\u00a1Reserva ara!&#8221; _builder_version=&#8221;4.16&#8243; _module_preset=&#8221;default&#8221; background_color=&#8221;#000000&#8243; locked=&#8221;off&#8221; global_colors_info=&#8221;{}&#8221;]<\/p>\n<p>Estarem encantats d&#8217;atendre&#8217;t i oferir-te el millor de la gastronomia catalana, caragols a la\u00a0llauna,\u00a0cal\u00e7otadas\u00a0i tenim tamb\u00e9 men\u00fas diaris<\/p>\n<p>[\/et_pb_cta][\/et_pb_column][\/et_pb_row][\/et_pb_section]<\/p>","protected":false},"excerpt":{"rendered":"<p>Des de Cal\u00a0Manelet\u00a0et donarem uns\u00a0quants\u00a0de beneficis que aporta menjar carn a la brasa\u00a0y\u00a0la millor manera de cuinar-la respecte a altres. Entre els molts avantatges de preparar els aliments com ho fem a Cal\u00a0Manelet, pots trobar els seg\u00fcents: Es pot cuinar a l&#8217;aire lliure, mantenint\u00a0aix\u00ed\u00a0la cuina neta. A m\u00e9s, aporta un ambient m\u00e9s relaxant i agradable. [&hellip;]<\/p>","protected":false},"author":1,"featured_media":140,"comment_status":"open","ping_status":"open","sticky":false,"template":"","format":"standard","meta":{"_et_pb_use_builder":"on","_et_pb_old_content":"","_et_gb_content_width":"","footnotes":""},"categories":[1],"tags":[],"class_list":["post-689","post","type-post","status-publish","format-standard","has-post-thumbnail","hentry","category-sin-categoria"],"yoast_head":"<!-- This site is optimized with the Yoast SEO plugin v27.0 - https:\/\/yoast.com\/product\/yoast-seo-wordpress\/ -->\n<title>Beneficis de menjar carn a la brasa - Cal Manelet Restaurant<\/title>\n<meta name=\"description\" content=\"Des de Cal\u00a0Manelet\u00a0et donarem uns\u00a0quants\u00a0de beneficis que aporta menjar carn a la brasa\u00a0y\u00a0la millor manera de cuinar-la respecte a altres.\" \/>\n<meta name=\"robots\" content=\"index, follow, max-snippet:-1, max-image-preview:large, max-video-preview:-1\" \/>\n<link rel=\"canonical\" href=\"https:\/\/calmanelet.es\/es\/beneficis-de-menjar-carn-a-la-brasa\/\" \/>\n<meta property=\"og:locale\" content=\"es_ES\" \/>\n<meta property=\"og:type\" content=\"article\" \/>\n<meta property=\"og:title\" content=\"Beneficis de menjar carn a la brasa - Cal Manelet Restaurant\" \/>\n<meta property=\"og:description\" content=\"Des de Cal\u00a0Manelet\u00a0et donarem uns\u00a0quants\u00a0de beneficis que aporta menjar carn a la brasa\u00a0y\u00a0la millor manera de cuinar-la respecte a altres.\" \/>\n<meta property=\"og:url\" content=\"https:\/\/calmanelet.es\/es\/beneficis-de-menjar-carn-a-la-brasa\/\" \/>\n<meta property=\"og:site_name\" content=\"Cal Manelet Restaurant\" \/>\n<meta property=\"article:published_time\" content=\"2022-03-29T11:17:59+00:00\" \/>\n<meta property=\"article:modified_time\" content=\"2022-07-01T08:38:11+00:00\" \/>\n<meta property=\"og:image\" content=\"https:\/\/calmanelet.es\/wp-content\/uploads\/2020\/10\/carne.jpg\" \/>\n\t<meta property=\"og:image:width\" content=\"1440\" \/>\n\t<meta property=\"og:image:height\" content=\"1080\" \/>\n\t<meta property=\"og:image:type\" content=\"image\/jpeg\" \/>\n<meta name=\"author\" content=\"digitalme\" \/>\n<meta name=\"twitter:card\" content=\"summary_large_image\" \/>\n<meta name=\"twitter:label1\" content=\"Escrito por\" \/>\n\t<meta name=\"twitter:data1\" content=\"digitalme\" \/>\n\t<meta name=\"twitter:label2\" content=\"Tiempo de lectura\" \/>\n\t<meta name=\"twitter:data2\" content=\"2 minutos\" \/>\n<script type=\"application\/ld+json\" class=\"yoast-schema-graph\">{\"@context\":\"https:\/\/schema.org\",\"@graph\":[{\"@type\":\"Article\",\"@id\":\"https:\/\/calmanelet.es\/beneficis-de-menjar-carn-a-la-brasa\/#article\",\"isPartOf\":{\"@id\":\"https:\/\/calmanelet.es\/beneficis-de-menjar-carn-a-la-brasa\/\"},\"author\":{\"name\":\"digitalme\",\"@id\":\"https:\/\/calmanelet.es\/#\/schema\/person\/363bcafe2b8f0568c1ecea80361582ef\"},\"headline\":\"Beneficis de menjar carn a la brasa\",\"datePublished\":\"2022-03-29T11:17:59+00:00\",\"dateModified\":\"2022-07-01T08:38:11+00:00\",\"mainEntityOfPage\":{\"@id\":\"https:\/\/calmanelet.es\/beneficis-de-menjar-carn-a-la-brasa\/\"},\"wordCount\":361,\"commentCount\":0,\"image\":{\"@id\":\"https:\/\/calmanelet.es\/beneficis-de-menjar-carn-a-la-brasa\/#primaryimage\"},\"thumbnailUrl\":\"https:\/\/calmanelet.es\/wp-content\/uploads\/2020\/10\/carne.jpg\",\"inLanguage\":\"es\",\"potentialAction\":[{\"@type\":\"CommentAction\",\"name\":\"Comment\",\"target\":[\"https:\/\/calmanelet.es\/beneficis-de-menjar-carn-a-la-brasa\/#respond\"]}]},{\"@type\":\"WebPage\",\"@id\":\"https:\/\/calmanelet.es\/beneficis-de-menjar-carn-a-la-brasa\/\",\"url\":\"https:\/\/calmanelet.es\/beneficis-de-menjar-carn-a-la-brasa\/\",\"name\":\"Beneficis de menjar carn a la brasa - Cal Manelet Restaurant\",\"isPartOf\":{\"@id\":\"https:\/\/calmanelet.es\/#website\"},\"primaryImageOfPage\":{\"@id\":\"https:\/\/calmanelet.es\/beneficis-de-menjar-carn-a-la-brasa\/#primaryimage\"},\"image\":{\"@id\":\"https:\/\/calmanelet.es\/beneficis-de-menjar-carn-a-la-brasa\/#primaryimage\"},\"thumbnailUrl\":\"https:\/\/calmanelet.es\/wp-content\/uploads\/2020\/10\/carne.jpg\",\"datePublished\":\"2022-03-29T11:17:59+00:00\",\"dateModified\":\"2022-07-01T08:38:11+00:00\",\"author\":{\"@id\":\"https:\/\/calmanelet.es\/#\/schema\/person\/363bcafe2b8f0568c1ecea80361582ef\"},\"description\":\"Des de Cal\u00a0Manelet\u00a0et donarem uns\u00a0quants\u00a0de beneficis que aporta menjar carn a la brasa\u00a0y\u00a0la millor manera de cuinar-la respecte a altres.\",\"breadcrumb\":{\"@id\":\"https:\/\/calmanelet.es\/beneficis-de-menjar-carn-a-la-brasa\/#breadcrumb\"},\"inLanguage\":\"es\",\"potentialAction\":[{\"@type\":\"ReadAction\",\"target\":[\"https:\/\/calmanelet.es\/beneficis-de-menjar-carn-a-la-brasa\/\"]}]},{\"@type\":\"ImageObject\",\"inLanguage\":\"es\",\"@id\":\"https:\/\/calmanelet.es\/beneficis-de-menjar-carn-a-la-brasa\/#primaryimage\",\"url\":\"https:\/\/calmanelet.es\/wp-content\/uploads\/2020\/10\/carne.jpg\",\"contentUrl\":\"https:\/\/calmanelet.es\/wp-content\/uploads\/2020\/10\/carne.jpg\",\"width\":1440,\"height\":1080,\"caption\":\"Men\u00fa diario Canyelles\"},{\"@type\":\"BreadcrumbList\",\"@id\":\"https:\/\/calmanelet.es\/beneficis-de-menjar-carn-a-la-brasa\/#breadcrumb\",\"itemListElement\":[{\"@type\":\"ListItem\",\"position\":1,\"name\":\"Portada\",\"item\":\"https:\/\/calmanelet.es\/\"},{\"@type\":\"ListItem\",\"position\":2,\"name\":\"Beneficis de menjar carn a la brasa\"}]},{\"@type\":\"WebSite\",\"@id\":\"https:\/\/calmanelet.es\/#website\",\"url\":\"https:\/\/calmanelet.es\/\",\"name\":\"Cal Manelet Restaurant\",\"description\":\"Restaurant a Canyelles\",\"potentialAction\":[{\"@type\":\"SearchAction\",\"target\":{\"@type\":\"EntryPoint\",\"urlTemplate\":\"https:\/\/calmanelet.es\/?s={search_term_string}\"},\"query-input\":{\"@type\":\"PropertyValueSpecification\",\"valueRequired\":true,\"valueName\":\"search_term_string\"}}],\"inLanguage\":\"es\"},{\"@type\":\"Person\",\"@id\":\"https:\/\/calmanelet.es\/#\/schema\/person\/363bcafe2b8f0568c1ecea80361582ef\",\"name\":\"digitalme\",\"image\":{\"@type\":\"ImageObject\",\"inLanguage\":\"es\",\"@id\":\"https:\/\/calmanelet.es\/#\/schema\/person\/image\/\",\"url\":\"https:\/\/secure.gravatar.com\/avatar\/70050c41d678b2b3e9b2ef8ad47c2fd4562a978dd6c4f3ec09c2816212aa5d15?s=96&d=mm&r=g\",\"contentUrl\":\"https:\/\/secure.gravatar.com\/avatar\/70050c41d678b2b3e9b2ef8ad47c2fd4562a978dd6c4f3ec09c2816212aa5d15?s=96&d=mm&r=g\",\"caption\":\"digitalme\"},\"sameAs\":[\"https:\/\/calmanelet.es\"],\"url\":\"https:\/\/calmanelet.es\/es\/author\/digitalme\/\"}]}<\/script>\n<!-- \/ Yoast SEO plugin. -->","yoast_head_json":{"title":"Beneficis de menjar carn a la brasa - Cal Manelet Restaurant","description":"Des de Cal\u00a0Manelet\u00a0et donarem uns\u00a0quants\u00a0de beneficis que aporta menjar carn a la brasa\u00a0y\u00a0la millor manera de cuinar-la respecte a altres.","robots":{"index":"index","follow":"follow","max-snippet":"max-snippet:-1","max-image-preview":"max-image-preview:large","max-video-preview":"max-video-preview:-1"},"canonical":"https:\/\/calmanelet.es\/es\/beneficis-de-menjar-carn-a-la-brasa\/","og_locale":"es_ES","og_type":"article","og_title":"Beneficis de menjar carn a la brasa - Cal Manelet Restaurant","og_description":"Des de Cal\u00a0Manelet\u00a0et donarem uns\u00a0quants\u00a0de beneficis que aporta menjar carn a la brasa\u00a0y\u00a0la millor manera de cuinar-la respecte a altres.","og_url":"https:\/\/calmanelet.es\/es\/beneficis-de-menjar-carn-a-la-brasa\/","og_site_name":"Cal Manelet Restaurant","article_published_time":"2022-03-29T11:17:59+00:00","article_modified_time":"2022-07-01T08:38:11+00:00","og_image":[{"width":1440,"height":1080,"url":"https:\/\/calmanelet.es\/wp-content\/uploads\/2020\/10\/carne.jpg","type":"image\/jpeg"}],"author":"digitalme","twitter_card":"summary_large_image","twitter_misc":{"Escrito por":"digitalme","Tiempo de lectura":"2 minutos"},"schema":{"@context":"https:\/\/schema.org","@graph":[{"@type":"Article","@id":"https:\/\/calmanelet.es\/beneficis-de-menjar-carn-a-la-brasa\/#article","isPartOf":{"@id":"https:\/\/calmanelet.es\/beneficis-de-menjar-carn-a-la-brasa\/"},"author":{"name":"digitalme","@id":"https:\/\/calmanelet.es\/#\/schema\/person\/363bcafe2b8f0568c1ecea80361582ef"},"headline":"Beneficis de menjar carn a la brasa","datePublished":"2022-03-29T11:17:59+00:00","dateModified":"2022-07-01T08:38:11+00:00","mainEntityOfPage":{"@id":"https:\/\/calmanelet.es\/beneficis-de-menjar-carn-a-la-brasa\/"},"wordCount":361,"commentCount":0,"image":{"@id":"https:\/\/calmanelet.es\/beneficis-de-menjar-carn-a-la-brasa\/#primaryimage"},"thumbnailUrl":"https:\/\/calmanelet.es\/wp-content\/uploads\/2020\/10\/carne.jpg","inLanguage":"es","potentialAction":[{"@type":"CommentAction","name":"Comment","target":["https:\/\/calmanelet.es\/beneficis-de-menjar-carn-a-la-brasa\/#respond"]}]},{"@type":"WebPage","@id":"https:\/\/calmanelet.es\/beneficis-de-menjar-carn-a-la-brasa\/","url":"https:\/\/calmanelet.es\/beneficis-de-menjar-carn-a-la-brasa\/","name":"Beneficis de menjar carn a la brasa - Cal Manelet Restaurant","isPartOf":{"@id":"https:\/\/calmanelet.es\/#website"},"primaryImageOfPage":{"@id":"https:\/\/calmanelet.es\/beneficis-de-menjar-carn-a-la-brasa\/#primaryimage"},"image":{"@id":"https:\/\/calmanelet.es\/beneficis-de-menjar-carn-a-la-brasa\/#primaryimage"},"thumbnailUrl":"https:\/\/calmanelet.es\/wp-content\/uploads\/2020\/10\/carne.jpg","datePublished":"2022-03-29T11:17:59+00:00","dateModified":"2022-07-01T08:38:11+00:00","author":{"@id":"https:\/\/calmanelet.es\/#\/schema\/person\/363bcafe2b8f0568c1ecea80361582ef"},"description":"Des de Cal\u00a0Manelet\u00a0et donarem uns\u00a0quants\u00a0de beneficis que aporta menjar carn a la brasa\u00a0y\u00a0la millor manera de cuinar-la respecte a altres.","breadcrumb":{"@id":"https:\/\/calmanelet.es\/beneficis-de-menjar-carn-a-la-brasa\/#breadcrumb"},"inLanguage":"es","potentialAction":[{"@type":"ReadAction","target":["https:\/\/calmanelet.es\/beneficis-de-menjar-carn-a-la-brasa\/"]}]},{"@type":"ImageObject","inLanguage":"es","@id":"https:\/\/calmanelet.es\/beneficis-de-menjar-carn-a-la-brasa\/#primaryimage","url":"https:\/\/calmanelet.es\/wp-content\/uploads\/2020\/10\/carne.jpg","contentUrl":"https:\/\/calmanelet.es\/wp-content\/uploads\/2020\/10\/carne.jpg","width":1440,"height":1080,"caption":"Men\u00fa diario Canyelles"},{"@type":"BreadcrumbList","@id":"https:\/\/calmanelet.es\/beneficis-de-menjar-carn-a-la-brasa\/#breadcrumb","itemListElement":[{"@type":"ListItem","position":1,"name":"Portada","item":"https:\/\/calmanelet.es\/"},{"@type":"ListItem","position":2,"name":"Beneficis de menjar carn a la brasa"}]},{"@type":"WebSite","@id":"https:\/\/calmanelet.es\/#website","url":"https:\/\/calmanelet.es\/","name":"Cal Manelet Restaurant","description":"Restaurante en Canyelles","potentialAction":[{"@type":"SearchAction","target":{"@type":"EntryPoint","urlTemplate":"https:\/\/calmanelet.es\/?s={search_term_string}"},"query-input":{"@type":"PropertyValueSpecification","valueRequired":true,"valueName":"search_term_string"}}],"inLanguage":"es"},{"@type":"Person","@id":"https:\/\/calmanelet.es\/#\/schema\/person\/363bcafe2b8f0568c1ecea80361582ef","name":"digitalme","image":{"@type":"ImageObject","inLanguage":"es","@id":"https:\/\/calmanelet.es\/#\/schema\/person\/image\/","url":"https:\/\/secure.gravatar.com\/avatar\/70050c41d678b2b3e9b2ef8ad47c2fd4562a978dd6c4f3ec09c2816212aa5d15?s=96&d=mm&r=g","contentUrl":"https:\/\/secure.gravatar.com\/avatar\/70050c41d678b2b3e9b2ef8ad47c2fd4562a978dd6c4f3ec09c2816212aa5d15?s=96&d=mm&r=g","caption":"digitalme"},"sameAs":["https:\/\/calmanelet.es"],"url":"https:\/\/calmanelet.es\/es\/author\/digitalme\/"}]}},"_links":{"self":[{"href":"https:\/\/calmanelet.es\/es\/wp-json\/wp\/v2\/posts\/689","targetHints":{"allow":["GET"]}}],"collection":[{"href":"https:\/\/calmanelet.es\/es\/wp-json\/wp\/v2\/posts"}],"about":[{"href":"https:\/\/calmanelet.es\/es\/wp-json\/wp\/v2\/types\/post"}],"author":[{"embeddable":true,"href":"https:\/\/calmanelet.es\/es\/wp-json\/wp\/v2\/users\/1"}],"replies":[{"embeddable":true,"href":"https:\/\/calmanelet.es\/es\/wp-json\/wp\/v2\/comments?post=689"}],"version-history":[{"count":4,"href":"https:\/\/calmanelet.es\/es\/wp-json\/wp\/v2\/posts\/689\/revisions"}],"predecessor-version":[{"id":763,"href":"https:\/\/calmanelet.es\/es\/wp-json\/wp\/v2\/posts\/689\/revisions\/763"}],"wp:featuredmedia":[{"embeddable":true,"href":"https:\/\/calmanelet.es\/es\/wp-json\/wp\/v2\/media\/140"}],"wp:attachment":[{"href":"https:\/\/calmanelet.es\/es\/wp-json\/wp\/v2\/media?parent=689"}],"wp:term":[{"taxonomy":"category","embeddable":true,"href":"https:\/\/calmanelet.es\/es\/wp-json\/wp\/v2\/categories?post=689"},{"taxonomy":"post_tag","embeddable":true,"href":"https:\/\/calmanelet.es\/es\/wp-json\/wp\/v2\/tags?post=689"}],"curies":[{"name":"wp","href":"https:\/\/api.w.org\/{rel}","templated":true}]}}