{"id":771,"date":"2022-07-01T09:12:53","date_gmt":"2022-07-01T09:12:53","guid":{"rendered":"https:\/\/calmanelet.es\/?p=771"},"modified":"2023-06-09T11:26:50","modified_gmt":"2023-06-09T11:26:50","slug":"les-6-raons-per-sortir-a-dinar-fora-de-casa","status":"publish","type":"post","link":"https:\/\/calmanelet.es\/es\/les-6-raons-per-sortir-a-dinar-fora-de-casa\/","title":{"rendered":"Las 6 razones para salir a comer fuera de casa"},"content":{"rendered":"<p>[et_pb_section fb_built=&#8221;1&#8243; admin_label=&#8221;section&#8221; _builder_version=&#8221;4.17.4&#8243; hover_enabled=&#8221;0&#8243; global_colors_info=&#8221;{}&#8221; theme_builder_area=&#8221;post_content&#8221; custom_padding=&#8221;0px||||false|false&#8221; sticky_enabled=&#8221;0&#8243;][et_pb_row admin_label=&#8221;row&#8221; _builder_version=&#8221;4.16&#8243; background_size=&#8221;initial&#8221; background_position=&#8221;top_left&#8221; background_repeat=&#8221;repeat&#8221; global_colors_info=&#8221;{}&#8221; theme_builder_area=&#8221;post_content&#8221;][et_pb_column type=&#8221;4_4&#8243; _builder_version=&#8221;4.16&#8243; custom_padding=&#8221;|||&#8221; global_colors_info=&#8221;{}&#8221; custom_padding__hover=&#8221;|||&#8221; theme_builder_area=&#8221;post_content&#8221;][et_pb_text _builder_version=&#8221;4.17.4&#8243; _module_preset=&#8221;default&#8221; hover_enabled=&#8221;0&#8243; global_colors_info=&#8221;{}&#8221; theme_builder_area=&#8221;post_content&#8221; sticky_enabled=&#8221;0&#8243; text_font=&#8221;Open Sans||||||||&#8221; text_font_size=&#8221;16px&#8221;]<\/p>\n<p>A continuaci\u00f3 des de <strong>Cal Manelet<\/strong> t&#8217;expliquem les <strong>sis raons<\/strong> per sortir a <strong>dinar fora:<\/strong><\/p>\n<p>&nbsp;<\/p>\n<ul>\n<li><strong>No t&#8217;has de preocupar per qu\u00e8 preparar.<\/strong> Segur que no pensar per un dia qu\u00e8 fer de menjar et vindr\u00e0 genial. A m\u00e9s, en aquestes ocasions sempre temem que els nostres plats no resultin a gust de tothom.<\/li>\n<li><strong>Ser\u00e0s un\/a m\u00e9s.<\/strong> Si esteu de celebraci\u00f3 ho esteu tots, oi? Escull entre els millors <strong>restaurants per a celebracions a Canyelles<\/strong> i deixa de preocupar-te perqu\u00e8 tot estigui correcte i gaudeix de la xerrada i el bon ambient. \u00c9s un dia especial!<\/li>\n<li><strong>Degustar\u00e0s plats que no faries a casa.<\/strong> Amb el ritme de vida tan atrafegat que portes, sortir a dinar fora de casa et permetr\u00e0 menjar plats que, per requerir m\u00e9s elaboraci\u00f3, no prepares a casa. A m\u00e9s, la cuina t\u00e9 tants sabors que de vegades cal sortir per poder descobrir-los i, per qu\u00e8 no, despr\u00e9s donar-los el teu toc personal a casa.<\/li>\n<li><strong>Sortir\u00e0s de la rutina.<\/strong> Moltes vegades creiem que per estar de celebraci\u00f3 sortim de la rutina, per\u00f2 en realitat quan la celebraci\u00f3 \u00e9s a casa nostra, l&#8217;\u00fanic que ens aporta \u00e9s feina i m\u00e9s feina. Sal de casa, segur que quan tornis et sentir\u00e0s genial en veure que tot segueix net!<\/li>\n<li><strong>Gaudir\u00e0s dels teus amics o familiars.<\/strong> Moltes vegades, degut a la nostra feina o als nens, no podem gaudir dels nostres amics o familiars com ens agradaria. Surt i gaudeix-ne com et mereixes!<\/li>\n<li><strong>Els petits ho passaran bomba.<\/strong> Si tens fills segur que els encantar\u00e0 tastar coses que no acostumen a menjar a casa.<\/li>\n<\/ul>\n<p>[\/et_pb_text][et_pb_cta title=&#8221;Vols tastar els millors plats de cuina tradicional?&#8221; button_url=&#8221;tel:+34699544424&#8243; button_text=&#8221;\u00a1Truca!&#8221; _builder_version=&#8221;4.17.4&#8243; _module_preset=&#8221;default&#8221; background_color=&#8221;#000000&#8243; hover_enabled=&#8221;0&#8243; locked=&#8221;off&#8221; global_colors_info=&#8221;{}&#8221; theme_builder_area=&#8221;post_content&#8221; sticky_enabled=&#8221;0&#8243;]<\/p>\n<div class=\"tw-ta-container F0azHf tw-nfl\" id=\"tw-target-text-container\" tabindex=\"0\">\n<p class=\"tw-data-text tw-text-large tw-ta\" data-placeholder=\"Traducci\u00f3n\" id=\"tw-target-text\" dir=\"ltr\"><span class=\"Y2IQFc\" lang=\"ca\">Estarem encantats d&#8217;atendre&#8217;t i oferir-te el millor de la gastronomia catalana, cargols a la llauna, cal\u00e7otades i tamb\u00e9 tenim men\u00fas diaris.<\/span><\/p>\n<\/div>\n<p>[\/et_pb_cta][\/et_pb_column][\/et_pb_row][\/et_pb_section]<\/p>","protected":false},"excerpt":{"rendered":"<p>A continuaci\u00f3 des de Cal Manelet t&#8217;expliquem les sis raons per sortir a dinar fora: &nbsp; No t&#8217;has de preocupar per qu\u00e8 preparar. Segur que no pensar per un dia qu\u00e8 fer de menjar et vindr\u00e0 genial. A m\u00e9s, en aquestes ocasions sempre temem que els nostres plats no resultin a gust de tothom. Ser\u00e0s [&hellip;]<\/p>","protected":false},"author":1,"featured_media":115,"comment_status":"open","ping_status":"open","sticky":false,"template":"","format":"standard","meta":{"_et_pb_use_builder":"on","_et_pb_old_content":"","_et_gb_content_width":"","footnotes":""},"categories":[1],"tags":[],"class_list":["post-771","post","type-post","status-publish","format-standard","has-post-thumbnail","hentry","category-sin-categoria"],"yoast_head":"<!-- This site is optimized with the Yoast SEO plugin v27.0 - https:\/\/yoast.com\/product\/yoast-seo-wordpress\/ -->\n<title>Les 6 raons per sortir a dinar fora de casa - Cal Manelet Restaurant<\/title>\n<meta name=\"robots\" content=\"index, follow, max-snippet:-1, max-image-preview:large, max-video-preview:-1\" \/>\n<link rel=\"canonical\" href=\"https:\/\/calmanelet.es\/es\/les-6-raons-per-sortir-a-dinar-fora-de-casa\/\" \/>\n<meta property=\"og:locale\" content=\"es_ES\" \/>\n<meta property=\"og:type\" content=\"article\" \/>\n<meta property=\"og:title\" content=\"Les 6 raons per sortir a dinar fora de casa - Cal Manelet Restaurant\" \/>\n<meta property=\"og:description\" content=\"A continuaci\u00f3 des de Cal Manelet t&#039;expliquem les sis raons per sortir a dinar fora: &nbsp; No t&#039;has de preocupar per qu\u00e8 preparar. Segur que no pensar per un dia qu\u00e8 fer de menjar et vindr\u00e0 genial. A m\u00e9s, en aquestes ocasions sempre temem que els nostres plats no resultin a gust de tothom. Ser\u00e0s [&hellip;]\" \/>\n<meta property=\"og:url\" content=\"https:\/\/calmanelet.es\/es\/les-6-raons-per-sortir-a-dinar-fora-de-casa\/\" \/>\n<meta property=\"og:site_name\" content=\"Cal Manelet Restaurant\" \/>\n<meta property=\"article:published_time\" content=\"2022-07-01T09:12:53+00:00\" \/>\n<meta property=\"article:modified_time\" content=\"2023-06-09T11:26:50+00:00\" \/>\n<meta property=\"og:image\" content=\"https:\/\/calmanelet.es\/wp-content\/uploads\/2020\/10\/cal-manelet-exterior.jpg\" \/>\n\t<meta property=\"og:image:width\" content=\"800\" \/>\n\t<meta property=\"og:image:height\" content=\"600\" \/>\n\t<meta property=\"og:image:type\" content=\"image\/jpeg\" \/>\n<meta name=\"author\" content=\"digitalme\" \/>\n<meta name=\"twitter:card\" content=\"summary_large_image\" \/>\n<meta name=\"twitter:label1\" content=\"Escrito por\" \/>\n\t<meta name=\"twitter:data1\" content=\"digitalme\" \/>\n\t<meta name=\"twitter:label2\" content=\"Tiempo de lectura\" \/>\n\t<meta name=\"twitter:data2\" content=\"2 minutos\" \/>\n<script type=\"application\/ld+json\" class=\"yoast-schema-graph\">{\"@context\":\"https:\/\/schema.org\",\"@graph\":[{\"@type\":\"Article\",\"@id\":\"https:\/\/calmanelet.es\/les-6-raons-per-sortir-a-dinar-fora-de-casa\/#article\",\"isPartOf\":{\"@id\":\"https:\/\/calmanelet.es\/les-6-raons-per-sortir-a-dinar-fora-de-casa\/\"},\"author\":{\"name\":\"digitalme\",\"@id\":\"https:\/\/calmanelet.es\/#\/schema\/person\/363bcafe2b8f0568c1ecea80361582ef\"},\"headline\":\"Les 6 raons per sortir a dinar fora de casa\",\"datePublished\":\"2022-07-01T09:12:53+00:00\",\"dateModified\":\"2023-06-09T11:26:50+00:00\",\"mainEntityOfPage\":{\"@id\":\"https:\/\/calmanelet.es\/les-6-raons-per-sortir-a-dinar-fora-de-casa\/\"},\"wordCount\":466,\"commentCount\":0,\"image\":{\"@id\":\"https:\/\/calmanelet.es\/les-6-raons-per-sortir-a-dinar-fora-de-casa\/#primaryimage\"},\"thumbnailUrl\":\"https:\/\/calmanelet.es\/wp-content\/uploads\/2020\/10\/cal-manelet-exterior.jpg\",\"inLanguage\":\"es\",\"potentialAction\":[{\"@type\":\"CommentAction\",\"name\":\"Comment\",\"target\":[\"https:\/\/calmanelet.es\/les-6-raons-per-sortir-a-dinar-fora-de-casa\/#respond\"]}]},{\"@type\":\"WebPage\",\"@id\":\"https:\/\/calmanelet.es\/les-6-raons-per-sortir-a-dinar-fora-de-casa\/\",\"url\":\"https:\/\/calmanelet.es\/les-6-raons-per-sortir-a-dinar-fora-de-casa\/\",\"name\":\"Les 6 raons per sortir a dinar fora de casa - Cal Manelet Restaurant\",\"isPartOf\":{\"@id\":\"https:\/\/calmanelet.es\/#website\"},\"primaryImageOfPage\":{\"@id\":\"https:\/\/calmanelet.es\/les-6-raons-per-sortir-a-dinar-fora-de-casa\/#primaryimage\"},\"image\":{\"@id\":\"https:\/\/calmanelet.es\/les-6-raons-per-sortir-a-dinar-fora-de-casa\/#primaryimage\"},\"thumbnailUrl\":\"https:\/\/calmanelet.es\/wp-content\/uploads\/2020\/10\/cal-manelet-exterior.jpg\",\"datePublished\":\"2022-07-01T09:12:53+00:00\",\"dateModified\":\"2023-06-09T11:26:50+00:00\",\"author\":{\"@id\":\"https:\/\/calmanelet.es\/#\/schema\/person\/363bcafe2b8f0568c1ecea80361582ef\"},\"breadcrumb\":{\"@id\":\"https:\/\/calmanelet.es\/les-6-raons-per-sortir-a-dinar-fora-de-casa\/#breadcrumb\"},\"inLanguage\":\"es\",\"potentialAction\":[{\"@type\":\"ReadAction\",\"target\":[\"https:\/\/calmanelet.es\/les-6-raons-per-sortir-a-dinar-fora-de-casa\/\"]}]},{\"@type\":\"ImageObject\",\"inLanguage\":\"es\",\"@id\":\"https:\/\/calmanelet.es\/les-6-raons-per-sortir-a-dinar-fora-de-casa\/#primaryimage\",\"url\":\"https:\/\/calmanelet.es\/wp-content\/uploads\/2020\/10\/cal-manelet-exterior.jpg\",\"contentUrl\":\"https:\/\/calmanelet.es\/wp-content\/uploads\/2020\/10\/cal-manelet-exterior.jpg\",\"width\":800,\"height\":600},{\"@type\":\"BreadcrumbList\",\"@id\":\"https:\/\/calmanelet.es\/les-6-raons-per-sortir-a-dinar-fora-de-casa\/#breadcrumb\",\"itemListElement\":[{\"@type\":\"ListItem\",\"position\":1,\"name\":\"Portada\",\"item\":\"https:\/\/calmanelet.es\/\"},{\"@type\":\"ListItem\",\"position\":2,\"name\":\"Les 6 raons per sortir a dinar fora de casa\"}]},{\"@type\":\"WebSite\",\"@id\":\"https:\/\/calmanelet.es\/#website\",\"url\":\"https:\/\/calmanelet.es\/\",\"name\":\"Cal Manelet Restaurant\",\"description\":\"Restaurant a Canyelles\",\"potentialAction\":[{\"@type\":\"SearchAction\",\"target\":{\"@type\":\"EntryPoint\",\"urlTemplate\":\"https:\/\/calmanelet.es\/?s={search_term_string}\"},\"query-input\":{\"@type\":\"PropertyValueSpecification\",\"valueRequired\":true,\"valueName\":\"search_term_string\"}}],\"inLanguage\":\"es\"},{\"@type\":\"Person\",\"@id\":\"https:\/\/calmanelet.es\/#\/schema\/person\/363bcafe2b8f0568c1ecea80361582ef\",\"name\":\"digitalme\",\"image\":{\"@type\":\"ImageObject\",\"inLanguage\":\"es\",\"@id\":\"https:\/\/calmanelet.es\/#\/schema\/person\/image\/\",\"url\":\"https:\/\/secure.gravatar.com\/avatar\/70050c41d678b2b3e9b2ef8ad47c2fd4562a978dd6c4f3ec09c2816212aa5d15?s=96&d=mm&r=g\",\"contentUrl\":\"https:\/\/secure.gravatar.com\/avatar\/70050c41d678b2b3e9b2ef8ad47c2fd4562a978dd6c4f3ec09c2816212aa5d15?s=96&d=mm&r=g\",\"caption\":\"digitalme\"},\"sameAs\":[\"https:\/\/calmanelet.es\"],\"url\":\"https:\/\/calmanelet.es\/es\/author\/digitalme\/\"}]}<\/script>\n<!-- \/ Yoast SEO plugin. -->","yoast_head_json":{"title":"Les 6 raons per sortir a dinar fora de casa - Cal Manelet Restaurant","robots":{"index":"index","follow":"follow","max-snippet":"max-snippet:-1","max-image-preview":"max-image-preview:large","max-video-preview":"max-video-preview:-1"},"canonical":"https:\/\/calmanelet.es\/es\/les-6-raons-per-sortir-a-dinar-fora-de-casa\/","og_locale":"es_ES","og_type":"article","og_title":"Les 6 raons per sortir a dinar fora de casa - Cal Manelet Restaurant","og_description":"A continuaci\u00f3 des de Cal Manelet t'expliquem les sis raons per sortir a dinar fora: &nbsp; No t'has de preocupar per qu\u00e8 preparar. Segur que no pensar per un dia qu\u00e8 fer de menjar et vindr\u00e0 genial. A m\u00e9s, en aquestes ocasions sempre temem que els nostres plats no resultin a gust de tothom. Ser\u00e0s [&hellip;]","og_url":"https:\/\/calmanelet.es\/es\/les-6-raons-per-sortir-a-dinar-fora-de-casa\/","og_site_name":"Cal Manelet Restaurant","article_published_time":"2022-07-01T09:12:53+00:00","article_modified_time":"2023-06-09T11:26:50+00:00","og_image":[{"width":800,"height":600,"url":"https:\/\/calmanelet.es\/wp-content\/uploads\/2020\/10\/cal-manelet-exterior.jpg","type":"image\/jpeg"}],"author":"digitalme","twitter_card":"summary_large_image","twitter_misc":{"Escrito por":"digitalme","Tiempo de lectura":"2 minutos"},"schema":{"@context":"https:\/\/schema.org","@graph":[{"@type":"Article","@id":"https:\/\/calmanelet.es\/les-6-raons-per-sortir-a-dinar-fora-de-casa\/#article","isPartOf":{"@id":"https:\/\/calmanelet.es\/les-6-raons-per-sortir-a-dinar-fora-de-casa\/"},"author":{"name":"digitalme","@id":"https:\/\/calmanelet.es\/#\/schema\/person\/363bcafe2b8f0568c1ecea80361582ef"},"headline":"Les 6 raons per sortir a dinar fora de casa","datePublished":"2022-07-01T09:12:53+00:00","dateModified":"2023-06-09T11:26:50+00:00","mainEntityOfPage":{"@id":"https:\/\/calmanelet.es\/les-6-raons-per-sortir-a-dinar-fora-de-casa\/"},"wordCount":466,"commentCount":0,"image":{"@id":"https:\/\/calmanelet.es\/les-6-raons-per-sortir-a-dinar-fora-de-casa\/#primaryimage"},"thumbnailUrl":"https:\/\/calmanelet.es\/wp-content\/uploads\/2020\/10\/cal-manelet-exterior.jpg","inLanguage":"es","potentialAction":[{"@type":"CommentAction","name":"Comment","target":["https:\/\/calmanelet.es\/les-6-raons-per-sortir-a-dinar-fora-de-casa\/#respond"]}]},{"@type":"WebPage","@id":"https:\/\/calmanelet.es\/les-6-raons-per-sortir-a-dinar-fora-de-casa\/","url":"https:\/\/calmanelet.es\/les-6-raons-per-sortir-a-dinar-fora-de-casa\/","name":"Les 6 raons per sortir a dinar fora de casa - Cal Manelet Restaurant","isPartOf":{"@id":"https:\/\/calmanelet.es\/#website"},"primaryImageOfPage":{"@id":"https:\/\/calmanelet.es\/les-6-raons-per-sortir-a-dinar-fora-de-casa\/#primaryimage"},"image":{"@id":"https:\/\/calmanelet.es\/les-6-raons-per-sortir-a-dinar-fora-de-casa\/#primaryimage"},"thumbnailUrl":"https:\/\/calmanelet.es\/wp-content\/uploads\/2020\/10\/cal-manelet-exterior.jpg","datePublished":"2022-07-01T09:12:53+00:00","dateModified":"2023-06-09T11:26:50+00:00","author":{"@id":"https:\/\/calmanelet.es\/#\/schema\/person\/363bcafe2b8f0568c1ecea80361582ef"},"breadcrumb":{"@id":"https:\/\/calmanelet.es\/les-6-raons-per-sortir-a-dinar-fora-de-casa\/#breadcrumb"},"inLanguage":"es","potentialAction":[{"@type":"ReadAction","target":["https:\/\/calmanelet.es\/les-6-raons-per-sortir-a-dinar-fora-de-casa\/"]}]},{"@type":"ImageObject","inLanguage":"es","@id":"https:\/\/calmanelet.es\/les-6-raons-per-sortir-a-dinar-fora-de-casa\/#primaryimage","url":"https:\/\/calmanelet.es\/wp-content\/uploads\/2020\/10\/cal-manelet-exterior.jpg","contentUrl":"https:\/\/calmanelet.es\/wp-content\/uploads\/2020\/10\/cal-manelet-exterior.jpg","width":800,"height":600},{"@type":"BreadcrumbList","@id":"https:\/\/calmanelet.es\/les-6-raons-per-sortir-a-dinar-fora-de-casa\/#breadcrumb","itemListElement":[{"@type":"ListItem","position":1,"name":"Portada","item":"https:\/\/calmanelet.es\/"},{"@type":"ListItem","position":2,"name":"Les 6 raons per sortir a dinar fora de casa"}]},{"@type":"WebSite","@id":"https:\/\/calmanelet.es\/#website","url":"https:\/\/calmanelet.es\/","name":"Cal Manelet Restaurant","description":"Restaurante en Canyelles","potentialAction":[{"@type":"SearchAction","target":{"@type":"EntryPoint","urlTemplate":"https:\/\/calmanelet.es\/?s={search_term_string}"},"query-input":{"@type":"PropertyValueSpecification","valueRequired":true,"valueName":"search_term_string"}}],"inLanguage":"es"},{"@type":"Person","@id":"https:\/\/calmanelet.es\/#\/schema\/person\/363bcafe2b8f0568c1ecea80361582ef","name":"digitalme","image":{"@type":"ImageObject","inLanguage":"es","@id":"https:\/\/calmanelet.es\/#\/schema\/person\/image\/","url":"https:\/\/secure.gravatar.com\/avatar\/70050c41d678b2b3e9b2ef8ad47c2fd4562a978dd6c4f3ec09c2816212aa5d15?s=96&d=mm&r=g","contentUrl":"https:\/\/secure.gravatar.com\/avatar\/70050c41d678b2b3e9b2ef8ad47c2fd4562a978dd6c4f3ec09c2816212aa5d15?s=96&d=mm&r=g","caption":"digitalme"},"sameAs":["https:\/\/calmanelet.es"],"url":"https:\/\/calmanelet.es\/es\/author\/digitalme\/"}]}},"_links":{"self":[{"href":"https:\/\/calmanelet.es\/es\/wp-json\/wp\/v2\/posts\/771","targetHints":{"allow":["GET"]}}],"collection":[{"href":"https:\/\/calmanelet.es\/es\/wp-json\/wp\/v2\/posts"}],"about":[{"href":"https:\/\/calmanelet.es\/es\/wp-json\/wp\/v2\/types\/post"}],"author":[{"embeddable":true,"href":"https:\/\/calmanelet.es\/es\/wp-json\/wp\/v2\/users\/1"}],"replies":[{"embeddable":true,"href":"https:\/\/calmanelet.es\/es\/wp-json\/wp\/v2\/comments?post=771"}],"version-history":[{"count":5,"href":"https:\/\/calmanelet.es\/es\/wp-json\/wp\/v2\/posts\/771\/revisions"}],"predecessor-version":[{"id":990,"href":"https:\/\/calmanelet.es\/es\/wp-json\/wp\/v2\/posts\/771\/revisions\/990"}],"wp:featuredmedia":[{"embeddable":true,"href":"https:\/\/calmanelet.es\/es\/wp-json\/wp\/v2\/media\/115"}],"wp:attachment":[{"href":"https:\/\/calmanelet.es\/es\/wp-json\/wp\/v2\/media?parent=771"}],"wp:term":[{"taxonomy":"category","embeddable":true,"href":"https:\/\/calmanelet.es\/es\/wp-json\/wp\/v2\/categories?post=771"},{"taxonomy":"post_tag","embeddable":true,"href":"https:\/\/calmanelet.es\/es\/wp-json\/wp\/v2\/tags?post=771"}],"curies":[{"name":"wp","href":"https:\/\/api.w.org\/{rel}","templated":true}]}}