{"id":851,"date":"2022-11-11T12:44:34","date_gmt":"2022-11-11T12:44:34","guid":{"rendered":"https:\/\/calmanelet.es\/?p=851"},"modified":"2023-06-09T11:05:46","modified_gmt":"2023-06-09T11:05:46","slug":"com-cuinar-els-calcots","status":"publish","type":"post","link":"https:\/\/calmanelet.es\/es\/com-cuinar-els-calcots\/","title":{"rendered":"\u00bfC\u00f3mo cocinar los cal\u00e7ots?"},"content":{"rendered":"<p>[et_pb_section fb_built=&#8221;1&#8243; admin_label=&#8221;section&#8221; _builder_version=&#8221;4.16&#8243; global_colors_info=&#8221;{}&#8221; theme_builder_area=&#8221;post_content&#8221;][et_pb_row admin_label=&#8221;row&#8221; _builder_version=&#8221;4.16&#8243; background_size=&#8221;initial&#8221; background_position=&#8221;top_left&#8221; background_repeat=&#8221;repeat&#8221; global_colors_info=&#8221;{}&#8221; theme_builder_area=&#8221;post_content&#8221;][et_pb_column type=&#8221;4_4&#8243; _builder_version=&#8221;4.16&#8243; custom_padding=&#8221;|||&#8221; global_colors_info=&#8221;{}&#8221; custom_padding__hover=&#8221;|||&#8221; theme_builder_area=&#8221;post_content&#8221;][et_pb_text _builder_version=&#8221;4.17.4&#8243; _module_preset=&#8221;default&#8221; hover_enabled=&#8221;0&#8243; locked=&#8221;off&#8221; global_colors_info=&#8221;{}&#8221; theme_builder_area=&#8221;post_content&#8221; sticky_enabled=&#8221;0&#8243; text_font_size=&#8221;16px&#8221; text_font=&#8221;Open Sans||||||||&#8221;]<\/p>\n<p>A <strong>Cal Manelet Restaurant<\/strong> sabem que hi ha moltes maneres de cuinar els cal\u00e7ots, per\u00f2 la millor indiscutiblement a part de ser la tradicional \u00e9s fer-los a la brasa. Per\u00f2 no a la brasa tal com ens imaginem sin\u00f3 al foc de branquillons de cep, que \u00e9s la forma original de fer-los a m\u00e9s de com ho fem al nostre restaurant Cal Manelet.<\/p>\n<p>&nbsp;<\/p>\n<h2>Cal\u00e7ots a casa a la brasa<\/h2>\n<p>Si disposem de l&#8217;espai i el material de barbacoa, una de les maneres m\u00e9s f\u00e0cils de cuinar els teus cal\u00e7ots a casa ser\u00e0 a la brasa. Primer haur\u00e0s de preparar-los (tallant les fulles i les arrels del cal\u00e7ot), despr\u00e9s col\u00b7locar-los molt junts i apretujats a la graella per assegurar una bona cocci\u00f3 i, finalment, quan estiguin al punt (la capa exterior negra i l&#8217;interior tendre) embolicar-los a paper i deixar-los reposar.<\/p>\n<p>&nbsp;<\/p>\n<h2>Cal\u00e7ots al forn<\/h2>\n<p>Pels qui no tenen opci\u00f3 de cuinar-los a la brasa, hi ha altres maneres de fer-ho aconseguint resultats igual de bons. Una de fer els cal\u00e7ots al forn.<\/p>\n<p>Igual que a la brasa, cal\u00e7ots al forn exigeixen una preparaci\u00f3 pr\u00e8via: s&#8217;han de netejar, tallar part de les fulles i extreure&#8217;n l&#8217;arrel. Es disposen un al costat de l&#8217;altre sobre una reixeta i, en aquest cas, col\u00b7locarem una safata a sota per evitar tacar el forn amb l&#8217;aigua que deixaran anar durant la cocci\u00f3. Quin temps de cocci\u00f3 necessiten els cal\u00e7ots al forn? Uns 15 minuts amb el forn a 200\u00b0C, amb calor baixa i aire amunt i avall, seran suficients per tenir els nostres cal\u00e7ots a punt per embolicar-los.<\/p>\n<p>&nbsp;<\/p>\n<h2>Cal\u00e7ots a la planxa el\u00e8ctrica<\/h2>\n<p>El primer pas per cuinar els cal\u00e7ots a la planxa \u00e9s, de nou, preparant-los b\u00e9. Es renten per eliminar la terra, s&#8217;assequen amb un drap i se&#8217;ls talla el cul amb les arrels i les fulles pansides.<\/p>\n<p>Despr\u00e9s d&#8217;haver enc\u00e8s i deixat escalfar la planxa, tirem un rajol\u00ed d&#8217;oli i comencem a col\u00b7locar els cal\u00e7ots. En aquesta ocasi\u00f3, anirem posant-los de mica en mica (en grups de 3 o 4) en funci\u00f3 de la mida de la nostra planxa. Deixarem els cal\u00e7ots a la planxa durant uns 10-15 minuts, sense importar que es posin negres.<\/p>\n<p>Quan hagi passat aquest temps, posem un pessic de sal, els emboliquem amb paper i els deixem reposar, perqu\u00e8 s&#8217;acabin de coure. I llest! A gaudir d\u00b4uns saborosos cal\u00e7ots a la planxa.<\/p>\n<p>&nbsp;<\/p>\n<h2>Cal\u00e7ots arrebossats<\/h2>\n<p>Quin \u00e9s l&#8217;avantatge m\u00e9s gran que ofereixen els cal\u00e7ots arrebossats? Doncs que podem fer servir els cal\u00e7ots que ens van sobrar de la nostra cal\u00e7otada a casa o preparar-los amb qualsevol de les opcions anteriors i despr\u00e9s deixar-los refredar sense problemes.<\/p>\n<p>Com fer cal\u00e7ots arrebossats? Un cop fets els cal\u00e7ots, els netegem com si els volgu\u00e9ssim menjar, els tallem a la mesura que ens convingui (entre 5 i 10cm) i els arrebossem amb ou i pa ratllat, panko o farina de cigr\u00f3, segons la textura que vulguem aconseguir amb la nostra original recepta de cal\u00e7ots arrebossats.<\/p>\n<p>Es fregeixen amb oli d&#8217;oliva molt calenta, s&#8217;assequen en un paper absorbent per eliminar l&#8217;exc\u00e9s i se serveixen calents acompanyats d&#8217;una bona salsa romesco.<\/p>\n<p>[\/et_pb_text][et_pb_image src=&#8221;https:\/\/calmanelet.es\/wp-content\/uploads\/2020\/10\/calcotada.jpg&#8221; alt=&#8221;Com cuinar els cal\u00e7ots?&#8221; title_text=&#8221;Com cuinar els cal\u00e7ots?&#8221; align=&#8221;center&#8221; _builder_version=&#8221;4.17.4&#8243; _module_preset=&#8221;default&#8221; hover_enabled=&#8221;0&#8243; global_colors_info=&#8221;{}&#8221; theme_builder_area=&#8221;post_content&#8221; sticky_enabled=&#8221;0&#8243;][\/et_pb_image][et_pb_cta title=&#8221;Si voleu gaudir d&#8217;una bona cal\u00e7otada no ho dubteu i poseu-vos en contacte&#8221; button_url=&#8221;https:\/\/calmanelet.es\/contacte\/&#8221; button_text=&#8221;Contacta!&#8221; admin_label=&#8221;Call To Action&#8221; _builder_version=&#8221;4.17.4&#8243; _module_preset=&#8221;default&#8221; background_color=&#8221;#000000&#8243; hover_enabled=&#8221;0&#8243; locked=&#8221;off&#8221; global_colors_info=&#8221;{}&#8221; theme_builder_area=&#8221;post_content&#8221; sticky_enabled=&#8221;0&#8243;][\/et_pb_cta][\/et_pb_column][\/et_pb_row][\/et_pb_section]<\/p>","protected":false},"excerpt":{"rendered":"<p>A Cal Manelet Restaurant sabem que hi ha moltes maneres de cuinar els cal\u00e7ots, per\u00f2 la millor indiscutiblement a part de ser la tradicional \u00e9s fer-los a la brasa. Per\u00f2 no a la brasa tal com ens imaginem sin\u00f3 al foc de branquillons de cep, que \u00e9s la forma original de fer-los a m\u00e9s de [&hellip;]<\/p>","protected":false},"author":1,"featured_media":304,"comment_status":"open","ping_status":"open","sticky":false,"template":"","format":"standard","meta":{"_et_pb_use_builder":"on","_et_pb_old_content":"","_et_gb_content_width":"","footnotes":""},"categories":[1],"tags":[],"class_list":["post-851","post","type-post","status-publish","format-standard","has-post-thumbnail","hentry","category-sin-categoria"],"yoast_head":"<!-- This site is optimized with the Yoast SEO plugin v27.0 - https:\/\/yoast.com\/product\/yoast-seo-wordpress\/ -->\n<title>Com cuinar els cal\u00e7ots? - Cal Manelet Restaurant<\/title>\n<meta name=\"description\" content=\"En Cal Manelet Restaurant sabemos que hay muchas maneras de cocinar los cal\u00e7ots pero la mejor indiscutiblemente es la tradicional.\" \/>\n<meta name=\"robots\" content=\"index, follow, max-snippet:-1, max-image-preview:large, max-video-preview:-1\" \/>\n<link rel=\"canonical\" href=\"https:\/\/calmanelet.es\/es\/com-cuinar-els-calcots\/\" \/>\n<meta property=\"og:locale\" content=\"es_ES\" \/>\n<meta property=\"og:type\" content=\"article\" \/>\n<meta property=\"og:title\" content=\"Com cuinar els cal\u00e7ots? - Cal Manelet Restaurant\" \/>\n<meta property=\"og:description\" content=\"En Cal Manelet Restaurant sabemos que hay muchas maneras de cocinar los cal\u00e7ots pero la mejor indiscutiblemente es la tradicional.\" \/>\n<meta property=\"og:url\" content=\"https:\/\/calmanelet.es\/es\/com-cuinar-els-calcots\/\" \/>\n<meta property=\"og:site_name\" content=\"Cal Manelet Restaurant\" \/>\n<meta property=\"article:published_time\" content=\"2022-11-11T12:44:34+00:00\" \/>\n<meta property=\"article:modified_time\" content=\"2023-06-09T11:05:46+00:00\" \/>\n<meta property=\"og:image\" content=\"https:\/\/calmanelet.es\/wp-content\/uploads\/2020\/10\/calcotada.jpg\" \/>\n\t<meta property=\"og:image:width\" content=\"550\" \/>\n\t<meta property=\"og:image:height\" content=\"309\" \/>\n\t<meta property=\"og:image:type\" content=\"image\/jpeg\" \/>\n<meta name=\"author\" content=\"digitalme\" \/>\n<meta name=\"twitter:card\" content=\"summary_large_image\" \/>\n<meta name=\"twitter:label1\" content=\"Escrito por\" \/>\n\t<meta name=\"twitter:data1\" content=\"digitalme\" \/>\n\t<meta name=\"twitter:label2\" content=\"Tiempo de lectura\" \/>\n\t<meta name=\"twitter:data2\" content=\"3 minutos\" \/>\n<script type=\"application\/ld+json\" class=\"yoast-schema-graph\">{\"@context\":\"https:\/\/schema.org\",\"@graph\":[{\"@type\":\"Article\",\"@id\":\"https:\/\/calmanelet.es\/com-cuinar-els-calcots\/#article\",\"isPartOf\":{\"@id\":\"https:\/\/calmanelet.es\/com-cuinar-els-calcots\/\"},\"author\":{\"name\":\"digitalme\",\"@id\":\"https:\/\/calmanelet.es\/#\/schema\/person\/363bcafe2b8f0568c1ecea80361582ef\"},\"headline\":\"Com cuinar els cal\u00e7ots?\",\"datePublished\":\"2022-11-11T12:44:34+00:00\",\"dateModified\":\"2023-06-09T11:05:46+00:00\",\"mainEntityOfPage\":{\"@id\":\"https:\/\/calmanelet.es\/com-cuinar-els-calcots\/\"},\"wordCount\":784,\"commentCount\":0,\"image\":{\"@id\":\"https:\/\/calmanelet.es\/com-cuinar-els-calcots\/#primaryimage\"},\"thumbnailUrl\":\"https:\/\/calmanelet.es\/wp-content\/uploads\/2020\/10\/calcotada.jpg\",\"inLanguage\":\"es\",\"potentialAction\":[{\"@type\":\"CommentAction\",\"name\":\"Comment\",\"target\":[\"https:\/\/calmanelet.es\/com-cuinar-els-calcots\/#respond\"]}]},{\"@type\":\"WebPage\",\"@id\":\"https:\/\/calmanelet.es\/com-cuinar-els-calcots\/\",\"url\":\"https:\/\/calmanelet.es\/com-cuinar-els-calcots\/\",\"name\":\"Com cuinar els cal\u00e7ots? - Cal Manelet Restaurant\",\"isPartOf\":{\"@id\":\"https:\/\/calmanelet.es\/#website\"},\"primaryImageOfPage\":{\"@id\":\"https:\/\/calmanelet.es\/com-cuinar-els-calcots\/#primaryimage\"},\"image\":{\"@id\":\"https:\/\/calmanelet.es\/com-cuinar-els-calcots\/#primaryimage\"},\"thumbnailUrl\":\"https:\/\/calmanelet.es\/wp-content\/uploads\/2020\/10\/calcotada.jpg\",\"datePublished\":\"2022-11-11T12:44:34+00:00\",\"dateModified\":\"2023-06-09T11:05:46+00:00\",\"author\":{\"@id\":\"https:\/\/calmanelet.es\/#\/schema\/person\/363bcafe2b8f0568c1ecea80361582ef\"},\"description\":\"En Cal Manelet Restaurant sabemos que hay muchas maneras de cocinar los cal\u00e7ots pero la mejor indiscutiblemente es la tradicional.\",\"breadcrumb\":{\"@id\":\"https:\/\/calmanelet.es\/com-cuinar-els-calcots\/#breadcrumb\"},\"inLanguage\":\"es\",\"potentialAction\":[{\"@type\":\"ReadAction\",\"target\":[\"https:\/\/calmanelet.es\/com-cuinar-els-calcots\/\"]}]},{\"@type\":\"ImageObject\",\"inLanguage\":\"es\",\"@id\":\"https:\/\/calmanelet.es\/com-cuinar-els-calcots\/#primaryimage\",\"url\":\"https:\/\/calmanelet.es\/wp-content\/uploads\/2020\/10\/calcotada.jpg\",\"contentUrl\":\"https:\/\/calmanelet.es\/wp-content\/uploads\/2020\/10\/calcotada.jpg\",\"width\":550,\"height\":309,\"caption\":\"cuina tradicional catalana a canyelles\"},{\"@type\":\"BreadcrumbList\",\"@id\":\"https:\/\/calmanelet.es\/com-cuinar-els-calcots\/#breadcrumb\",\"itemListElement\":[{\"@type\":\"ListItem\",\"position\":1,\"name\":\"Portada\",\"item\":\"https:\/\/calmanelet.es\/\"},{\"@type\":\"ListItem\",\"position\":2,\"name\":\"Com cuinar els cal\u00e7ots?\"}]},{\"@type\":\"WebSite\",\"@id\":\"https:\/\/calmanelet.es\/#website\",\"url\":\"https:\/\/calmanelet.es\/\",\"name\":\"Cal Manelet Restaurant\",\"description\":\"Restaurant a Canyelles\",\"potentialAction\":[{\"@type\":\"SearchAction\",\"target\":{\"@type\":\"EntryPoint\",\"urlTemplate\":\"https:\/\/calmanelet.es\/?s={search_term_string}\"},\"query-input\":{\"@type\":\"PropertyValueSpecification\",\"valueRequired\":true,\"valueName\":\"search_term_string\"}}],\"inLanguage\":\"es\"},{\"@type\":\"Person\",\"@id\":\"https:\/\/calmanelet.es\/#\/schema\/person\/363bcafe2b8f0568c1ecea80361582ef\",\"name\":\"digitalme\",\"image\":{\"@type\":\"ImageObject\",\"inLanguage\":\"es\",\"@id\":\"https:\/\/calmanelet.es\/#\/schema\/person\/image\/\",\"url\":\"https:\/\/secure.gravatar.com\/avatar\/70050c41d678b2b3e9b2ef8ad47c2fd4562a978dd6c4f3ec09c2816212aa5d15?s=96&d=mm&r=g\",\"contentUrl\":\"https:\/\/secure.gravatar.com\/avatar\/70050c41d678b2b3e9b2ef8ad47c2fd4562a978dd6c4f3ec09c2816212aa5d15?s=96&d=mm&r=g\",\"caption\":\"digitalme\"},\"sameAs\":[\"https:\/\/calmanelet.es\"],\"url\":\"https:\/\/calmanelet.es\/es\/author\/digitalme\/\"}]}<\/script>\n<!-- \/ Yoast SEO plugin. -->","yoast_head_json":{"title":"Com cuinar els cal\u00e7ots? - Cal Manelet Restaurant","description":"En Cal Manelet Restaurant sabemos que hay muchas maneras de cocinar los cal\u00e7ots pero la mejor indiscutiblemente es la tradicional.","robots":{"index":"index","follow":"follow","max-snippet":"max-snippet:-1","max-image-preview":"max-image-preview:large","max-video-preview":"max-video-preview:-1"},"canonical":"https:\/\/calmanelet.es\/es\/com-cuinar-els-calcots\/","og_locale":"es_ES","og_type":"article","og_title":"Com cuinar els cal\u00e7ots? - Cal Manelet Restaurant","og_description":"En Cal Manelet Restaurant sabemos que hay muchas maneras de cocinar los cal\u00e7ots pero la mejor indiscutiblemente es la tradicional.","og_url":"https:\/\/calmanelet.es\/es\/com-cuinar-els-calcots\/","og_site_name":"Cal Manelet Restaurant","article_published_time":"2022-11-11T12:44:34+00:00","article_modified_time":"2023-06-09T11:05:46+00:00","og_image":[{"width":550,"height":309,"url":"https:\/\/calmanelet.es\/wp-content\/uploads\/2020\/10\/calcotada.jpg","type":"image\/jpeg"}],"author":"digitalme","twitter_card":"summary_large_image","twitter_misc":{"Escrito por":"digitalme","Tiempo de lectura":"3 minutos"},"schema":{"@context":"https:\/\/schema.org","@graph":[{"@type":"Article","@id":"https:\/\/calmanelet.es\/com-cuinar-els-calcots\/#article","isPartOf":{"@id":"https:\/\/calmanelet.es\/com-cuinar-els-calcots\/"},"author":{"name":"digitalme","@id":"https:\/\/calmanelet.es\/#\/schema\/person\/363bcafe2b8f0568c1ecea80361582ef"},"headline":"Com cuinar els cal\u00e7ots?","datePublished":"2022-11-11T12:44:34+00:00","dateModified":"2023-06-09T11:05:46+00:00","mainEntityOfPage":{"@id":"https:\/\/calmanelet.es\/com-cuinar-els-calcots\/"},"wordCount":784,"commentCount":0,"image":{"@id":"https:\/\/calmanelet.es\/com-cuinar-els-calcots\/#primaryimage"},"thumbnailUrl":"https:\/\/calmanelet.es\/wp-content\/uploads\/2020\/10\/calcotada.jpg","inLanguage":"es","potentialAction":[{"@type":"CommentAction","name":"Comment","target":["https:\/\/calmanelet.es\/com-cuinar-els-calcots\/#respond"]}]},{"@type":"WebPage","@id":"https:\/\/calmanelet.es\/com-cuinar-els-calcots\/","url":"https:\/\/calmanelet.es\/com-cuinar-els-calcots\/","name":"Com cuinar els cal\u00e7ots? - Cal Manelet Restaurant","isPartOf":{"@id":"https:\/\/calmanelet.es\/#website"},"primaryImageOfPage":{"@id":"https:\/\/calmanelet.es\/com-cuinar-els-calcots\/#primaryimage"},"image":{"@id":"https:\/\/calmanelet.es\/com-cuinar-els-calcots\/#primaryimage"},"thumbnailUrl":"https:\/\/calmanelet.es\/wp-content\/uploads\/2020\/10\/calcotada.jpg","datePublished":"2022-11-11T12:44:34+00:00","dateModified":"2023-06-09T11:05:46+00:00","author":{"@id":"https:\/\/calmanelet.es\/#\/schema\/person\/363bcafe2b8f0568c1ecea80361582ef"},"description":"En Cal Manelet Restaurant sabemos que hay muchas maneras de cocinar los cal\u00e7ots pero la mejor indiscutiblemente es la tradicional.","breadcrumb":{"@id":"https:\/\/calmanelet.es\/com-cuinar-els-calcots\/#breadcrumb"},"inLanguage":"es","potentialAction":[{"@type":"ReadAction","target":["https:\/\/calmanelet.es\/com-cuinar-els-calcots\/"]}]},{"@type":"ImageObject","inLanguage":"es","@id":"https:\/\/calmanelet.es\/com-cuinar-els-calcots\/#primaryimage","url":"https:\/\/calmanelet.es\/wp-content\/uploads\/2020\/10\/calcotada.jpg","contentUrl":"https:\/\/calmanelet.es\/wp-content\/uploads\/2020\/10\/calcotada.jpg","width":550,"height":309,"caption":"cuina tradicional catalana a canyelles"},{"@type":"BreadcrumbList","@id":"https:\/\/calmanelet.es\/com-cuinar-els-calcots\/#breadcrumb","itemListElement":[{"@type":"ListItem","position":1,"name":"Portada","item":"https:\/\/calmanelet.es\/"},{"@type":"ListItem","position":2,"name":"Com cuinar els cal\u00e7ots?"}]},{"@type":"WebSite","@id":"https:\/\/calmanelet.es\/#website","url":"https:\/\/calmanelet.es\/","name":"Cal Manelet Restaurant","description":"Restaurante en Canyelles","potentialAction":[{"@type":"SearchAction","target":{"@type":"EntryPoint","urlTemplate":"https:\/\/calmanelet.es\/?s={search_term_string}"},"query-input":{"@type":"PropertyValueSpecification","valueRequired":true,"valueName":"search_term_string"}}],"inLanguage":"es"},{"@type":"Person","@id":"https:\/\/calmanelet.es\/#\/schema\/person\/363bcafe2b8f0568c1ecea80361582ef","name":"digitalme","image":{"@type":"ImageObject","inLanguage":"es","@id":"https:\/\/calmanelet.es\/#\/schema\/person\/image\/","url":"https:\/\/secure.gravatar.com\/avatar\/70050c41d678b2b3e9b2ef8ad47c2fd4562a978dd6c4f3ec09c2816212aa5d15?s=96&d=mm&r=g","contentUrl":"https:\/\/secure.gravatar.com\/avatar\/70050c41d678b2b3e9b2ef8ad47c2fd4562a978dd6c4f3ec09c2816212aa5d15?s=96&d=mm&r=g","caption":"digitalme"},"sameAs":["https:\/\/calmanelet.es"],"url":"https:\/\/calmanelet.es\/es\/author\/digitalme\/"}]}},"_links":{"self":[{"href":"https:\/\/calmanelet.es\/es\/wp-json\/wp\/v2\/posts\/851","targetHints":{"allow":["GET"]}}],"collection":[{"href":"https:\/\/calmanelet.es\/es\/wp-json\/wp\/v2\/posts"}],"about":[{"href":"https:\/\/calmanelet.es\/es\/wp-json\/wp\/v2\/types\/post"}],"author":[{"embeddable":true,"href":"https:\/\/calmanelet.es\/es\/wp-json\/wp\/v2\/users\/1"}],"replies":[{"embeddable":true,"href":"https:\/\/calmanelet.es\/es\/wp-json\/wp\/v2\/comments?post=851"}],"version-history":[{"count":6,"href":"https:\/\/calmanelet.es\/es\/wp-json\/wp\/v2\/posts\/851\/revisions"}],"predecessor-version":[{"id":977,"href":"https:\/\/calmanelet.es\/es\/wp-json\/wp\/v2\/posts\/851\/revisions\/977"}],"wp:featuredmedia":[{"embeddable":true,"href":"https:\/\/calmanelet.es\/es\/wp-json\/wp\/v2\/media\/304"}],"wp:attachment":[{"href":"https:\/\/calmanelet.es\/es\/wp-json\/wp\/v2\/media?parent=851"}],"wp:term":[{"taxonomy":"category","embeddable":true,"href":"https:\/\/calmanelet.es\/es\/wp-json\/wp\/v2\/categories?post=851"},{"taxonomy":"post_tag","embeddable":true,"href":"https:\/\/calmanelet.es\/es\/wp-json\/wp\/v2\/tags?post=851"}],"curies":[{"name":"wp","href":"https:\/\/api.w.org\/{rel}","templated":true}]}}